{"id":14320,"date":"2023-03-31T11:19:49","date_gmt":"2023-03-31T16:19:49","guid":{"rendered":"https:\/\/podernacional.com\/?p=14320"},"modified":"2023-03-31T16:19:51","modified_gmt":"2023-03-31T16:19:51","slug":"listo-festival-por-los-100-anos-de-zoo-chapultepec","status":"publish","type":"post","link":"https:\/\/podernacional.com\/?p=14320","title":{"rendered":"Listo, festival por los 100 a\u00f1os de zoo Chapultepec"},"content":{"rendered":"<h4>En el marco de los 100 a\u00f1os del Zool\u00f3gico de Chapultepec, la Secretar\u00eda del Medio Ambiente (Sedema) de la Ciudad de M\u00e9xico.<\/h4>\n<p>El cual inform\u00f3 que se llevar\u00e1 a cabo \u201cAnimal\u00edstica Festival del Bosque\u201d.<\/p>\n<p>Adem\u00e1s de\u00a0que busca honrar la labor de estos recintos para la conservaci\u00f3n de la vida silvestre.<\/p>\n<p>Para este evento se espera una afluencia de tres millones de personas, quienes podr\u00e1n participar en m\u00e1s de 120 actividades.<\/p>\n<p>Las cuales son\u00a0para celebrar el centenario de este zool\u00f3gico.<\/p>\n<p>\u201cEste festival nos va a permitir hacer una gran fiesta, generar un encuentro con estos maravillosos animales que est\u00e1n en los zool\u00f3gicos de la ciudad\u201d.<\/p>\n<p>\u201cAs\u00ed como\u00a0que est\u00e1n en el Zool\u00f3gico de Chapultepec y que han tenido una historia con nosotros en la Ciudad de M\u00e9xico\u201d.<\/p>\n<p>Adem\u00e1s de que\u00a0expres\u00f3 la secretaria de Medio Ambiente local, Marina Robles.<\/p>\n<p>Esta celebraci\u00f3n tiene la finalidad de honrar la labor de los zool\u00f3gicos capitalinos, principalmente del Zool\u00f3gico de Chapultepec.<\/p>\n<p>Esto\u00a0a lo largo de sus 100 a\u00f1os de existencia, en su evoluci\u00f3n por convertirse en centros para la conservaci\u00f3n de la vida silvestr.<\/p>\n<h4>Dichos\u00a0mismos que han permitido la recuperaci\u00f3n de distintas especies.<\/h4>\n<p>\u201cEn Animal\u00edstica van a ver ustedes a divulgadores, a fot\u00f3grafos, a historiadores, a escritores que vienen a dialogar\u201d.<\/p>\n<p>\u201cAl igual que el de reflexionar sobre la vida y la conservaci\u00f3n de la fauna silvestre\u201d.<\/p>\n<p>Esto lo\u00a0afirm\u00f3 la directora ejecutiva del Bosque de Chapultepec, M\u00f3nica Pacheco Skidmore.<\/p>\n<p>Adem\u00e1s, agreg\u00f3 que el festival contar\u00e1 con m\u00e1s de 120 actividades divididas en cinco sedes de la e Primera Secci\u00f3n del Bosque de Chapultepec.<\/p>\n<p>As\u00ed como de\u00a0las cuales ser\u00e1n la Avenida de la Juventud Heroica, el Kiosko del Pueblo, el Museo del Sitio, el Jard\u00edn Bot\u00e1nico y el Zool\u00f3gico de Chapultepec.<\/p>\n<p>As\u00ed como el Museo de Historia Natural y el Centro de Cultura Ambiental, estas dos \u00faltimas sedes ubicadas en la Segunda Secci\u00f3n del Bosque.<\/p>\n<p>\u201cAnimal\u00edstica Festival del Bosque\u201d se llevar\u00e1 a cabo del 6 al 9 de abril, coincidiendo con las vacaciones de Semana Santa\u201d.<\/p>\n<p>\u201cEsto\u00a0por lo que los organizadores afirman esperar una afluencia de tres millones de visitantes.<\/p>\n","protected":false},"excerpt":{"rendered":"<p>En el marco de los 100 a\u00f1os del Zool\u00f3gico de Chapultepec, la Secretar\u00eda del Medio Ambiente (Sedema) de la Ciudad de M\u00e9xico. El cual inform\u00f3 que se llevar\u00e1 a cabo \u201cAnimal\u00edstica Festival del Bosque\u201d. Adem\u00e1s de\u00a0que busca honrar la labor de estos recintos para la conservaci\u00f3n de la vida silvestre. Para este evento se espera [&hellip;]<\/p>\n","protected":false},"author":1,"featured_media":14322,"comment_status":"open","ping_status":"closed","sticky":false,"template":"","format":"standard","meta":{"footnotes":""},"categories":[2],"tags":[],"class_list":["post-14320","post","type-post","status-publish","format-standard","has-post-thumbnail","hentry","category-cultural"],"_links":{"self":[{"href":"https:\/\/podernacional.com\/index.php?rest_route=\/wp\/v2\/posts\/14320","targetHints":{"allow":["GET"]}}],"collection":[{"href":"https:\/\/podernacional.com\/index.php?rest_route=\/wp\/v2\/posts"}],"about":[{"href":"https:\/\/podernacional.com\/index.php?rest_route=\/wp\/v2\/types\/post"}],"author":[{"embeddable":true,"href":"https:\/\/podernacional.com\/index.php?rest_route=\/wp\/v2\/users\/1"}],"replies":[{"embeddable":true,"href":"https:\/\/podernacional.com\/index.php?rest_route=%2Fwp%2Fv2%2Fcomments&post=14320"}],"version-history":[{"count":1,"href":"https:\/\/podernacional.com\/index.php?rest_route=\/wp\/v2\/posts\/14320\/revisions"}],"predecessor-version":[{"id":14321,"href":"https:\/\/podernacional.com\/index.php?rest_route=\/wp\/v2\/posts\/14320\/revisions\/14321"}],"wp:featuredmedia":[{"embeddable":true,"href":"https:\/\/podernacional.com\/index.php?rest_route=\/wp\/v2\/media\/14322"}],"wp:attachment":[{"href":"https:\/\/podernacional.com\/index.php?rest_route=%2Fwp%2Fv2%2Fmedia&parent=14320"}],"wp:term":[{"taxonomy":"category","embeddable":true,"href":"https:\/\/podernacional.com\/index.php?rest_route=%2Fwp%2Fv2%2Fcategories&post=14320"},{"taxonomy":"post_tag","embeddable":true,"href":"https:\/\/podernacional.com\/index.php?rest_route=%2Fwp%2Fv2%2Ftags&post=14320"}],"curies":[{"name":"wp","href":"https:\/\/api.w.org\/{rel}","templated":true}]}}