{"id":14332,"date":"2023-03-31T11:50:52","date_gmt":"2023-03-31T16:50:52","guid":{"rendered":"https:\/\/podernacional.com\/?p=14332"},"modified":"2023-03-31T16:50:54","modified_gmt":"2023-03-31T16:50:54","slug":"presentan-oferta-de-universidades-de-quintana-roo","status":"publish","type":"post","link":"https:\/\/podernacional.com\/?p=14332","title":{"rendered":"Presentan oferta de universidades de Quintana Roo"},"content":{"rendered":"<h3>Realizan diferentes instituciones Feria en la Unicaribe. Invitan a j\u00f3venes de bachillerato a conocer las diversas carreras existentes.<\/h3>\n<p>La Universidad del Caribe (Unicaribe) inaugur\u00f3 la primera Feria de Posgrados y Oferta Acad\u00e9mica.<\/p>\n<p>De la\u00a0que cuenta con la participaci\u00f3n de 35 instituciones acad\u00e9micas.<\/p>\n<p>Ya que\u00a0las cuales ofrecen a estudiantes de bachillerato, licenciatura y posgrado sus programas acad\u00e9micos.<\/p>\n<p>La encargada del despacho de la Secretar\u00eda de Extensi\u00f3n y Vinculaci\u00f3n Universitaria, Guillermina Pech Pech.<\/p>\n<p>As\u00ed como que\u00a0celebr\u00f3 que se hayan retomado los espacios que permiten a estudiantes encontrar su vocaci\u00f3n.<\/p>\n<p>Esto\u00a0a fin de desarrollar la ciencia, la tecnolog\u00eda, la investigaci\u00f3n y la innovaci\u00f3n.<\/p>\n<p>As\u00ed como luego de que la pandemia por Covid-19 limit\u00f3 la realizaci\u00f3n de estas ferias.<\/p>\n<p>\u201cEstos espacios donde, desde la colectividad, reflexionamos y podemos transformar la vida de las y los j\u00f3venes de Quintana Roo\u201d.<\/p>\n<h3>\u201cYa que sabemos que la educaci\u00f3n cambia vidas y transforma sociedades\u201d, afirm\u00f3.<\/h3>\n<p>La feria estar\u00e1 se lleva a cabo este jueves y viernes en la explanada de la Unicaribe.<\/p>\n<p>Esto\u00a0con una amplia variedad de programas educativos en materias como Turismo, Derecho, Ciencias del Medio Ambiente, de la Salud, Ecolog\u00eda, entre otras.<\/p>\n<p>\u201cRealmente hay una gran diversidad de oferta educativa y por eso la importancia de que puedan venir los j\u00f3venes a conocer\u201d.<\/p>\n<p>\u201cAs\u00ed como de estar\u00a0aprovechando que est\u00e1n las 35 instituciones reunidas y que ellos tengan toda esta informaci\u00f3n\u201d.<\/p>\n<p>\u201cLa cual es\u00a0para tomar la decisi\u00f3n de a qu\u00e9 se van a dedicar el resto de su vida\u201d, expres\u00f3 Pech Pech.<\/p>\n<p>Por su parte, Miguel \u00c1ngel D\u00edaz, rector de la Universidad de Oriente campus Canc\u00fan.<\/p>\n<p>Adem\u00e1s de que\u00a0dio a conocer que desde su instituci\u00f3n se tiene un objetivo para la captaci\u00f3n de 250 estudiantes.<\/p>\n<p>Estos\u00a0entre interesados en sus licenciaturas a los posgrados, con las principales carreras en que se interesan son:<\/p>\n<h4>Lenguas Extranjeras, Dise\u00f1o Gr\u00e1fico Digital, Psicolog\u00eda y Arquitectura.<\/h4>\n<p>Manuel Alfredo Pech Palacio, rector de la Universidad Polit\u00e9cnica de Quintana Roo, exhort\u00f3 a los estudiantes a que contin\u00faen sus estudio.<\/p>\n<p>Ya sea en la Polit\u00e9cnica o en cualquier otra instituci\u00f3n de las que est\u00e1n exponi\u00e9ndose en la feria.<\/p>\n<p>As\u00ed como\u00a0por lo que los invit\u00f3 a asistir y seguir adelante con su preparaci\u00f3n acad\u00e9mica.<\/p>\n<p>Finalmente, Christpher Malpica Morales, director del Consejo Quintanarroense de Ciencia y Tecnolog\u00eda.<\/p>\n<p>Adem\u00e1s de que\u00a0expres\u00f3 que desde el gobierno de Quintana Roo se est\u00e1 trabajando con las instituciones de educaci\u00f3n superior p\u00fablicas.<\/p>\n<p>Al igual que las\u00a0privadas para que se sumen a la creaci\u00f3n de profesionistas.<\/p>\n<p>Con esto para que\u00a0se vayan formando recursos humanos de alto de alto nivel y tambi\u00e9n se tengan los centros de investigaci\u00f3n que aporten al estado.<\/p>\n","protected":false},"excerpt":{"rendered":"<p>Realizan diferentes instituciones Feria en la Unicaribe. Invitan a j\u00f3venes de bachillerato a conocer las diversas carreras existentes. La Universidad del Caribe (Unicaribe) inaugur\u00f3 la primera Feria de Posgrados y Oferta Acad\u00e9mica. De la\u00a0que cuenta con la participaci\u00f3n de 35 instituciones acad\u00e9micas. Ya que\u00a0las cuales ofrecen a estudiantes de bachillerato, licenciatura y posgrado sus programas [&hellip;]<\/p>\n","protected":false},"author":1,"featured_media":14334,"comment_status":"open","ping_status":"closed","sticky":false,"template":"","format":"standard","meta":{"footnotes":""},"categories":[10],"tags":[],"class_list":["post-14332","post","type-post","status-publish","format-standard","has-post-thumbnail","hentry","category-quintana-roo"],"_links":{"self":[{"href":"https:\/\/podernacional.com\/index.php?rest_route=\/wp\/v2\/posts\/14332","targetHints":{"allow":["GET"]}}],"collection":[{"href":"https:\/\/podernacional.com\/index.php?rest_route=\/wp\/v2\/posts"}],"about":[{"href":"https:\/\/podernacional.com\/index.php?rest_route=\/wp\/v2\/types\/post"}],"author":[{"embeddable":true,"href":"https:\/\/podernacional.com\/index.php?rest_route=\/wp\/v2\/users\/1"}],"replies":[{"embeddable":true,"href":"https:\/\/podernacional.com\/index.php?rest_route=%2Fwp%2Fv2%2Fcomments&post=14332"}],"version-history":[{"count":1,"href":"https:\/\/podernacional.com\/index.php?rest_route=\/wp\/v2\/posts\/14332\/revisions"}],"predecessor-version":[{"id":14333,"href":"https:\/\/podernacional.com\/index.php?rest_route=\/wp\/v2\/posts\/14332\/revisions\/14333"}],"wp:featuredmedia":[{"embeddable":true,"href":"https:\/\/podernacional.com\/index.php?rest_route=\/wp\/v2\/media\/14334"}],"wp:attachment":[{"href":"https:\/\/podernacional.com\/index.php?rest_route=%2Fwp%2Fv2%2Fmedia&parent=14332"}],"wp:term":[{"taxonomy":"category","embeddable":true,"href":"https:\/\/podernacional.com\/index.php?rest_route=%2Fwp%2Fv2%2Fcategories&post=14332"},{"taxonomy":"post_tag","embeddable":true,"href":"https:\/\/podernacional.com\/index.php?rest_route=%2Fwp%2Fv2%2Ftags&post=14332"}],"curies":[{"name":"wp","href":"https:\/\/api.w.org\/{rel}","templated":true}]}}