{"id":14335,"date":"2023-03-31T13:49:22","date_gmt":"2023-03-31T18:49:22","guid":{"rendered":"https:\/\/podernacional.com\/?p=14335"},"modified":"2023-03-31T18:49:23","modified_gmt":"2023-03-31T18:49:23","slug":"cocinan-alianza-opositora-para-2024-en-quintana-roo","status":"publish","type":"post","link":"https:\/\/podernacional.com\/?p=14335","title":{"rendered":"Cocinan alianza opositora para 2024 en Quintana Roo"},"content":{"rendered":"<h4>Los dirigentes Pedro Flota Alcocer (PRI), Reyna Tamayo Carballo (PAN) y Leobardo Rojas L\u00f3pez (PRD) se reunieron de manera informal.<\/h4>\n<p>Con una casi nula estructura, militancia y cuadros pol\u00edticos, escasas prerrogativas p\u00fablicas por la baja votaci\u00f3n lograda en el proceso electoral de 2022.<\/p>\n<p>As\u00ed como que\u00a0cada vez menos credibilidad ciudadana por los fallidos gobiernos estatales en las dos \u00faltimas administraciones.<\/p>\n<p>Adem\u00e1s de\u00a0los Partidos Revolucionario Institucional (PRI), Acci\u00f3n Nacional (PAN).<\/p>\n<p>As\u00ed como de la Revoluci\u00f3n Democr\u00e1tica (PRD) pretenden hacer un frente com\u00fan contra Morena en 2024.<\/p>\n<p>La desbandada de sus cuadros, estructura partidista y militancia de base.<\/p>\n<p>Al igual de que\u00a0los hace ahora s\u00ed voltear a ver a la poblaci\u00f3n en general para hablar de candidaturas externas provenientes de la ciudadan\u00eda.<\/p>\n<p>El cual es\u00a0que cumpla sus exigentes requisitos, entre ellos ser personas con probada honorabilidad y lejos de se\u00f1alamientos de corrupci\u00f3n.<\/p>\n<p>Los dirigentes Pedro Flota Alcocer (PRI), Reyna Tamayo Carballo (PAN) y Leobardo Rojas L\u00f3pez (PRD) se reunieron de manera informal.<\/p>\n<p>As\u00ed como un primer acercamiento rumbo a la eventual coalici\u00f3n partidista con la que podr\u00edan enfrentar el proceso electoral concurrente de 2024.<\/p>\n<h4>Pedro Flota, del PRI, consider\u00f3 la reuni\u00f3n como parte de las negociaciones que se realizan a nivel nacional.<\/h4>\n<p>Al igual que\u00a0en cada estado del pa\u00eds para evaluar los escenarios pol\u00edticos e ir determinando en d\u00f3nde procede; los tipos de alianza a conformar.<\/p>\n<p>Es decir, si se trata de una coalici\u00f3n total o parcial, en qu\u00e9 distrito federal o local, f\u00f3rmula del Senado o Ayuntamiento postular\u00e1 cada partido pol\u00edtico.<\/p>\n<p>Esto\u00a0seg\u00fan el posicionamiento de la fuerza pol\u00edtica o candidato postulado.<\/p>\n<p>A pesar de sus adversidades pol\u00edtico-electorales y econ\u00f3micas, el dirigente priista asegur\u00f3 que, con la renovaci\u00f3n del partido.<\/p>\n<p>As\u00ed como\u00a0desde sus representantes seccionales hasta la integraci\u00f3n de sus \u00f3rganos de gobierno como los Comit\u00e9s y Consejos Pol\u00edticos Estatal.<\/p>\n<p>Adem\u00e1s de\u00a0Municipales podr\u00e1 tenerse una aceptable participaci\u00f3n en la elecci\u00f3n presidencial, del senado, diputaciones federales.<\/p>\n<p>Al igual que\u00a0locales y de presidentes municipales.<\/p>\n<h4>\u201cNo estamos hablando de un derrumbe de Morena ni de milagros pol\u00edticos\u201d.<\/h4>\n<p>Pero si se escogen un candidato presidencial de arrastre y se completa en el estado un listado de candidatos con arraigo, bien posicionados.<\/p>\n<p>As\u00ed como con la suficiente credibilidad para estar alejados de cuestionamientos por gobierno anteriores.<\/p>\n<p>Adem\u00e1s de que\u00a0podemos quedarnos con varias posiciones en la elecci\u00f3n de 2024\u201d, asegur\u00f3 Flota Alcocer.<\/p>\n<p>Leobardo Rojas L\u00f3pez, presidente del Comit\u00e9 Estatal del PRD en Quintana Roo, confirm\u00f3 que se trata de un primer acercamiento.<\/p>\n<p>Esto ser\u00e1 en las siguientes dos semanas cuando se instale formalmente una mesa pol\u00edtica.<\/p>\n<p>Lugar\u00a0en donde estar\u00e1 abierta la puerta de que otras fuerzas se sumen para conformar una alianza que sea el equilibrio pol\u00edtico.<\/p>\n<p>Adem\u00e1s de que regule el quehacer institucional de los gobiernos de Morena en el pa\u00eds y de Quintana Roo.<\/p>\n<p>Un elemento del Ej\u00e9rcito ofrec\u00eda desde el Campo Militar No. 1 equipo t\u00e1ctico, armas y granadas a un c\u00e1rtel del narcotr\u00e1fico.<\/p>\n","protected":false},"excerpt":{"rendered":"<p>Los dirigentes Pedro Flota Alcocer (PRI), Reyna Tamayo Carballo (PAN) y Leobardo Rojas L\u00f3pez (PRD) se reunieron de manera informal. Con una casi nula estructura, militancia y cuadros pol\u00edticos, escasas prerrogativas p\u00fablicas por la baja votaci\u00f3n lograda en el proceso electoral de 2022. As\u00ed como que\u00a0cada vez menos credibilidad ciudadana por los fallidos gobiernos estatales [&hellip;]<\/p>\n","protected":false},"author":1,"featured_media":14337,"comment_status":"open","ping_status":"closed","sticky":false,"template":"","format":"standard","meta":{"footnotes":""},"categories":[10],"tags":[],"class_list":["post-14335","post","type-post","status-publish","format-standard","has-post-thumbnail","hentry","category-quintana-roo"],"_links":{"self":[{"href":"https:\/\/podernacional.com\/index.php?rest_route=\/wp\/v2\/posts\/14335","targetHints":{"allow":["GET"]}}],"collection":[{"href":"https:\/\/podernacional.com\/index.php?rest_route=\/wp\/v2\/posts"}],"about":[{"href":"https:\/\/podernacional.com\/index.php?rest_route=\/wp\/v2\/types\/post"}],"author":[{"embeddable":true,"href":"https:\/\/podernacional.com\/index.php?rest_route=\/wp\/v2\/users\/1"}],"replies":[{"embeddable":true,"href":"https:\/\/podernacional.com\/index.php?rest_route=%2Fwp%2Fv2%2Fcomments&post=14335"}],"version-history":[{"count":1,"href":"https:\/\/podernacional.com\/index.php?rest_route=\/wp\/v2\/posts\/14335\/revisions"}],"predecessor-version":[{"id":14336,"href":"https:\/\/podernacional.com\/index.php?rest_route=\/wp\/v2\/posts\/14335\/revisions\/14336"}],"wp:featuredmedia":[{"embeddable":true,"href":"https:\/\/podernacional.com\/index.php?rest_route=\/wp\/v2\/media\/14337"}],"wp:attachment":[{"href":"https:\/\/podernacional.com\/index.php?rest_route=%2Fwp%2Fv2%2Fmedia&parent=14335"}],"wp:term":[{"taxonomy":"category","embeddable":true,"href":"https:\/\/podernacional.com\/index.php?rest_route=%2Fwp%2Fv2%2Fcategories&post=14335"},{"taxonomy":"post_tag","embeddable":true,"href":"https:\/\/podernacional.com\/index.php?rest_route=%2Fwp%2Fv2%2Ftags&post=14335"}],"curies":[{"name":"wp","href":"https:\/\/api.w.org\/{rel}","templated":true}]}}