{"id":14368,"date":"2023-04-02T12:32:08","date_gmt":"2023-04-02T17:32:08","guid":{"rendered":"https:\/\/podernacional.com\/?p=14368"},"modified":"2023-04-02T17:32:09","modified_gmt":"2023-04-02T17:32:09","slug":"gilberto-santa-rosa-inaugura-con-salsa-y-romanticismo-el-festival-cultural-zacatecas-2023","status":"publish","type":"post","link":"https:\/\/podernacional.com\/?p=14368","title":{"rendered":"Gilberto Santa Rosa inaugura con salsa y romanticismo el Festival Cultural Zacatecas 2023"},"content":{"rendered":"<h4>El cantante puertorrique\u00f1o ofreci\u00f3 un magno concierto en el escenario estelar de la m\u00e1xima fiesta de la cultura de los zacatecanos<\/h4>\n<p>Antes, en el Teatro Ram\u00f3n L\u00f3pez Velarde se present\u00f3 la Compa\u00f1\u00eda Nacional de Danza, en una extraordinaria Gala de ballet<\/p>\n<p>Esto en\u00a0el escenario principal de Plaza de Armas se llen\u00f3 de baile.<\/p>\n<p>As\u00ed como del\u00a0romanticismo con la presentaci\u00f3n del reconocido cantante puertorrique\u00f1o Gilberto Santa Rosa.<\/p>\n<p>Tambi\u00e9n conocido como el \u201cCaballero de la Salsa\u201d, en la apertura formal del Festival Cultural Zacatecas 2023.<\/p>\n<p>El artista hizo su aparici\u00f3n en el m\u00e1ximo foro del FCZ 2023 para ofrecer un concierto en el que, a trav\u00e9s de su impecable voz.<\/p>\n<p>Adem\u00e1s\u00a0de su dominio esc\u00e9nico, el p\u00fablico pudo conectarse con sus ra\u00edces latinoamericanas y entregarse a los ritmos de la salsa.<\/p>\n<p>Acompa\u00f1ado por su banda conformada por 12 m\u00fasicos, Gilberto Santa Rosa interpret\u00f3 diversos temas de su gira m\u00e1s reciente por Europa.<\/p>\n<p>Con esto el\u00a0\u201cCam\u00ednalo Tour\u201d, lo que provoc\u00f3 que los asistentes se pusieran de pie.<\/p>\n<p>Adem\u00e1s de que se\u00a0convirtieran la plancha de la Plaza de Armas en un escenario para bailar.<\/p>\n<h4>El cantante originario de San Juan, Puerto Rico, ofreci\u00f3 una noche sin precedentes, misma que fue del agrado de su p\u00fablico.<\/h4>\n<p>Esto\u00a0no s\u00f3lo del estado sino de otras latitudes, que llegaron a la capital para presenciar su actuaci\u00f3n.<\/p>\n<p>Gilberto Santa Rosa cerr\u00f3 su presentaci\u00f3n con sus \u00e9xitos que lo colocaron como uno de los m\u00e1s grandes exponentes de la m\u00fasica.<\/p>\n<p>El cual est\u00e1, despidi\u00e9ndose con agradecimientos hacia la audiencia zacatecana por haber dado cita en una noche llena de salsa.<\/p>\n<p>De esta forma, Gilberto Santa Rosa dej\u00f3 en claro por qu\u00e9 es uno de los m\u00e1ximos exponentes de la m\u00fasica latina.<\/p>\n<p>Adem\u00e1s que\u00a0al ofrecer un concierto que sin duda quedar\u00e1 en la memoria de los asistentes a la 37 edici\u00f3n del Festival Cultural Zacatecas 2023.<\/p>\n<p>Antes, en este primer d\u00eda de actividades en el Teatro \u201cRam\u00f3n L\u00f3pez Velarde\u201d, la Compa\u00f1\u00eda Nacional de Danza.<\/p>\n<p>As\u00ed como que\u00a0ofreci\u00f3 una emotiva Gala de Ballet integrada por algunos de los pas de deux, adagios y suites m\u00e1s famosos del repertorio danc\u00edstico.<\/p>\n<p>La agrupaci\u00f3n mexicana, que cuenta con la direcci\u00f3n de Elisa Carrillo y Cuauht\u00e9moc N\u00e1jera, cautiv\u00f3 al p\u00fablico con sus interpretaciones.<\/p>\n<p>Esto\u00a0en las cuales el dominio de la t\u00e9cnica y el carisma de bailarinas y bailarines se fusionaron.<\/p>\n<p>Lo que ha posicionado a la Compa\u00f1\u00eda como una de las grandes exponentes de la danza cl\u00e1sica a nivel nacional e internacional.<\/p>\n","protected":false},"excerpt":{"rendered":"<p>El cantante puertorrique\u00f1o ofreci\u00f3 un magno concierto en el escenario estelar de la m\u00e1xima fiesta de la cultura de los zacatecanos Antes, en el Teatro Ram\u00f3n L\u00f3pez Velarde se present\u00f3 la Compa\u00f1\u00eda Nacional de Danza, en una extraordinaria Gala de ballet Esto en\u00a0el escenario principal de Plaza de Armas se llen\u00f3 de baile. As\u00ed como [&hellip;]<\/p>\n","protected":false},"author":1,"featured_media":14370,"comment_status":"open","ping_status":"closed","sticky":false,"template":"","format":"standard","meta":{"footnotes":""},"categories":[4],"tags":[],"class_list":["post-14368","post","type-post","status-publish","format-standard","has-post-thumbnail","hentry","category-espectaculos"],"_links":{"self":[{"href":"https:\/\/podernacional.com\/index.php?rest_route=\/wp\/v2\/posts\/14368","targetHints":{"allow":["GET"]}}],"collection":[{"href":"https:\/\/podernacional.com\/index.php?rest_route=\/wp\/v2\/posts"}],"about":[{"href":"https:\/\/podernacional.com\/index.php?rest_route=\/wp\/v2\/types\/post"}],"author":[{"embeddable":true,"href":"https:\/\/podernacional.com\/index.php?rest_route=\/wp\/v2\/users\/1"}],"replies":[{"embeddable":true,"href":"https:\/\/podernacional.com\/index.php?rest_route=%2Fwp%2Fv2%2Fcomments&post=14368"}],"version-history":[{"count":1,"href":"https:\/\/podernacional.com\/index.php?rest_route=\/wp\/v2\/posts\/14368\/revisions"}],"predecessor-version":[{"id":14369,"href":"https:\/\/podernacional.com\/index.php?rest_route=\/wp\/v2\/posts\/14368\/revisions\/14369"}],"wp:featuredmedia":[{"embeddable":true,"href":"https:\/\/podernacional.com\/index.php?rest_route=\/wp\/v2\/media\/14370"}],"wp:attachment":[{"href":"https:\/\/podernacional.com\/index.php?rest_route=%2Fwp%2Fv2%2Fmedia&parent=14368"}],"wp:term":[{"taxonomy":"category","embeddable":true,"href":"https:\/\/podernacional.com\/index.php?rest_route=%2Fwp%2Fv2%2Fcategories&post=14368"},{"taxonomy":"post_tag","embeddable":true,"href":"https:\/\/podernacional.com\/index.php?rest_route=%2Fwp%2Fv2%2Ftags&post=14368"}],"curies":[{"name":"wp","href":"https:\/\/api.w.org\/{rel}","templated":true}]}}