{"id":14371,"date":"2023-04-02T12:33:38","date_gmt":"2023-04-02T17:33:38","guid":{"rendered":"https:\/\/podernacional.com\/?p=14371"},"modified":"2023-04-02T17:33:39","modified_gmt":"2023-04-02T17:33:39","slug":"la-exposicion-del-artista-rafael-coronel-sin-mascara-inaugura-el-festival-cultural-zacatecas-2023","status":"publish","type":"post","link":"https:\/\/podernacional.com\/?p=14371","title":{"rendered":"La exposici\u00f3n del artista \u201cRafael Coronel: Sin M\u00e1scara\u201d inaugura el Festival Cultural Zacatecas 2023"},"content":{"rendered":"<h4>En representaci\u00f3n del Gobernador David Monreal, el Secretario de Turismo invit\u00f3 a la exposici\u00f3n de m\u00e1s de 120 obras provenientes de colecciones privadas y p\u00fablicas<\/h4>\n<p>Est\u00e1 montada en el antiguo templo de San Agust\u00edn y la entrada es gratuita<\/p>\n<p>Algunas pinturas pertenecieron a la colecci\u00f3n particular del artista y nunca se hab\u00edan mostrado<\/p>\n<p>Conformada de piezas alejadas del clich\u00e9 del pintor.<\/p>\n<p>Esto\u00a0de los capirotes nazarenos y s\u00ed la muestra de un artista no comprendido del todo, expresionista e interiorista, fue inaugurada la exposici\u00f3n \u201cSin M\u00e1scara\u201d.<\/p>\n<p>Del\u00a0maestro zacatecano Rafael Coronel, en el primer d\u00eda formal de actividades del 37 Festival Cultural Zacatecas 2023.<\/p>\n<p>En representaci\u00f3n del Gobernador de Zacatecas, David Monreal \u00c1vila, la exposici\u00f3n fue inaugurada por el Secretario de Turismo.<\/p>\n<p>As\u00ed como\u00a0Le Roy Barrag\u00e1n Ocampo, quien estuvo acompa\u00f1ado por la Presidenta Honor\u00edfica del Sistema Estatal de DIF.<\/p>\n<p>Adem\u00e1s de\u00a0Sana Hern\u00e1ndez de Monreal y la directora del Instituto Zacatecano de Cultura (IZC) \u201cRam\u00f3n L\u00f3pez Velarde\u201d, Mar\u00eda de Jes\u00fas Mu\u00f1oz Reyes.<\/p>\n<p>La exposici\u00f3n que hoy se exhibe en Zacatecas es gracias a los esfuerzos coordinados de la Secretar\u00eda de Cultura.<\/p>\n<p>A trav\u00e9s del Instituto Nacional de Bellas Artes y Literatura (INBAL), y el Gobierno que encabeza el mandatario David Monreal.<\/p>\n<h4>Esto\u00a0para el deleite de propios y visitantes en el marco del 37 Festival Cultural Zacatecas 2023.<\/h4>\n<p>Esta muestra fue originalmente planeada para celebrar los 90 a\u00f1os de vida del artista zacatecano Rafael Coronel, nacido en 1931.<\/p>\n<p>Sin embargo, tras su inesperado fallecimiento en 2019, \u00e9sta se convirti\u00f3 en un homenaje post mortem.<\/p>\n<p>La selecci\u00f3n de obras fue hecha por el co-curador de la exposici\u00f3n, Ra\u00fal Cano, y el propio Rafael Coronel.<\/p>\n<p>Adem\u00e1s de\u00a0quien particip\u00f3 en la selecci\u00f3n antes de su fallecimiento.<\/p>\n<p>La exposici\u00f3n montada en el ex templo de San Agust\u00edn busca alejarse del clich\u00e9 del artista y en cambio muestra sus lienzos habitados por prostitutas.<\/p>\n<p>As\u00ed como de\u00a0payasos y fauna que provoca en el espectador una sensaci\u00f3n entremezclada de atracci\u00f3n y rechazo.<\/p>\n<p>Adem\u00e1s, est\u00e1 organizada en seis n\u00facleos que exploran la tem\u00e1tica m\u00e1s recurrente del artista: el retrato.<\/p>\n<p>Al igual que la carpa, como un espacio simb\u00f3lico que alberga a personajes que encarnan la desolaci\u00f3n y la miseria.<\/p>\n<p>Adem\u00e1s de la locura y decrepitud; el zool\u00f3gico, como un escape a la realidad; el complejo de Edipo.<\/p>\n<p>El cual es reflejo de una relaci\u00f3n problem\u00e1tica con la figura materna, y la muerte, con la que el autor se obsesion\u00f3.<\/p>\n<p>Pero nunca acept\u00f3 del todo.<\/p>\n<p>&nbsp;<\/p>\n","protected":false},"excerpt":{"rendered":"<p>En representaci\u00f3n del Gobernador David Monreal, el Secretario de Turismo invit\u00f3 a la exposici\u00f3n de m\u00e1s de 120 obras provenientes de colecciones privadas y p\u00fablicas Est\u00e1 montada en el antiguo templo de San Agust\u00edn y la entrada es gratuita Algunas pinturas pertenecieron a la colecci\u00f3n particular del artista y nunca se hab\u00edan mostrado Conformada de [&hellip;]<\/p>\n","protected":false},"author":1,"featured_media":14373,"comment_status":"open","ping_status":"closed","sticky":false,"template":"","format":"standard","meta":{"footnotes":""},"categories":[4],"tags":[],"class_list":["post-14371","post","type-post","status-publish","format-standard","has-post-thumbnail","hentry","category-espectaculos"],"_links":{"self":[{"href":"https:\/\/podernacional.com\/index.php?rest_route=\/wp\/v2\/posts\/14371","targetHints":{"allow":["GET"]}}],"collection":[{"href":"https:\/\/podernacional.com\/index.php?rest_route=\/wp\/v2\/posts"}],"about":[{"href":"https:\/\/podernacional.com\/index.php?rest_route=\/wp\/v2\/types\/post"}],"author":[{"embeddable":true,"href":"https:\/\/podernacional.com\/index.php?rest_route=\/wp\/v2\/users\/1"}],"replies":[{"embeddable":true,"href":"https:\/\/podernacional.com\/index.php?rest_route=%2Fwp%2Fv2%2Fcomments&post=14371"}],"version-history":[{"count":1,"href":"https:\/\/podernacional.com\/index.php?rest_route=\/wp\/v2\/posts\/14371\/revisions"}],"predecessor-version":[{"id":14372,"href":"https:\/\/podernacional.com\/index.php?rest_route=\/wp\/v2\/posts\/14371\/revisions\/14372"}],"wp:featuredmedia":[{"embeddable":true,"href":"https:\/\/podernacional.com\/index.php?rest_route=\/wp\/v2\/media\/14373"}],"wp:attachment":[{"href":"https:\/\/podernacional.com\/index.php?rest_route=%2Fwp%2Fv2%2Fmedia&parent=14371"}],"wp:term":[{"taxonomy":"category","embeddable":true,"href":"https:\/\/podernacional.com\/index.php?rest_route=%2Fwp%2Fv2%2Fcategories&post=14371"},{"taxonomy":"post_tag","embeddable":true,"href":"https:\/\/podernacional.com\/index.php?rest_route=%2Fwp%2Fv2%2Ftags&post=14371"}],"curies":[{"name":"wp","href":"https:\/\/api.w.org\/{rel}","templated":true}]}}