{"id":14374,"date":"2023-04-02T12:34:59","date_gmt":"2023-04-02T17:34:59","guid":{"rendered":"https:\/\/podernacional.com\/?p=14374"},"modified":"2023-04-02T17:35:01","modified_gmt":"2023-04-02T17:35:01","slug":"en-quintana-roo-se-trabaja-todos-los-dias-para-empoderar-a-las-mujeres-mara-lezama","status":"publish","type":"post","link":"https:\/\/podernacional.com\/?p=14374","title":{"rendered":"En Quintana Roo se trabaja todos los d\u00edas para empoderar a las mujeres: Mara Lezama"},"content":{"rendered":"<h4>Durante marzo se realizaron actividades en todo el Estado con capacitaciones, pl\u00e1ticas de sensibilizaci\u00f3n, cursos, talleres, conferencias.<\/h4>\n<p>As\u00ed como de\u00a0conversatorios, cine-m\u00f3vil, clases de defensa personal, jornadas de salud, ferias manos emprendedoras, entre otras<\/p>\n<p>Con una agenda unificada de casi 800 actividades realizadas durante todo marzo en coordinaci\u00f3n con los tres Poderes del Estado.<\/p>\n<p>Al igual que de\u00a0instituciones educativas, municipios y organismos aut\u00f3nomos para conmemorar el D\u00eda Internacional de la Mujer.<\/p>\n<p>El cual\u00a0se lleg\u00f3 a miles de ciudadanas para impulsar su autonom\u00eda y empoderarlas en todos los \u00e1mbitos.<\/p>\n<p>As\u00ed como para avanzar en la construcci\u00f3n de la paz, el progreso y desarrollo.<\/p>\n<p>Estas actividades, impulsadas por la gobernadora Mara Lezama Espinosa para cambiarle la vida a las mujeres.<\/p>\n<p>Las cuales est\u00e1b\u00a0transform\u00e1ndoselas en un ambiente de igualdad y paz, responden a su compromiso de generar una nueva pol\u00edtica.<\/p>\n<p>De la cual apunta que todas en Quintana Roo tengan un futuro con igualdad.<\/p>\n<p>\u201cTrabajamos todos los d\u00edas para empoderarlas, realizamos durante todo el mes diversas actividades y van a continuar durante todo el a\u00f1o\u201d.<\/p>\n<h4>\u201cCon esto\u00a0vamos a motivarlas, a impulsarlas a defenderlas\u201d.<\/h4>\n<p>\u201cAs\u00ed como de contribuir a su autonom\u00eda econ\u00f3mica con el fin de erradicar las brechas de desigualdad y la violencia de g\u00e9nero\u201d, dijo.<\/p>\n<p>Por su parte, la titular del IQM Mar\u00eda Hadad Castillo enfatiz\u00f3 que la suma de esfuerzos en el marco del D\u00eda Internacional de la Mujer.<\/p>\n<p>De la cual se encamin\u00f3 para hacer conciencia sobre la importancia en este gobierno humanista.<\/p>\n<p>As\u00ed como\u00a0progresista de empoderar a las mujeres en todos los \u00e1mbitos, para gestionar la paz, el progreso y desarrollo.<\/p>\n<p>Entre las actividades realizadas destacan las pl\u00e1ticas de sensibilizaci\u00f3n, cursos, talleres, conferencias, conversatorios, cine-m\u00f3vil.<\/p>\n<p>Al igual que clases de defensa personal para mujeres, jornadas de salud, ferias manos emprendedora.<\/p>\n<p>Adem\u00e1s de\u00a0brigadas de servicios integrales a mujeres en situaci\u00f3n de reclusi\u00f3n, master class, pl\u00e1ticas sobre sororidad, el autocuidado de la salud en mujeres.<\/p>\n<p>Adem\u00e1s, talleres de prevenci\u00f3n del hostigamiento y acoso sexual, talleres de mujeres en la construcci\u00f3n de paz, entrega de galardones.<\/p>\n<p>As\u00ed como de\u00a0lanzamiento de convocatorias en beneficio de las mujeres, firmas de convenios.<\/p>\n<p>Esto de\u00a0arranque de programas para la autonom\u00eda econ\u00f3mica de las mujeres, inauguraci\u00f3n de un centro de justicia, entre otros.<\/p>\n<p>a brecha de g\u00e9nero y el impulso al respeto de los derechos humanos.<\/p>\n","protected":false},"excerpt":{"rendered":"<p>Durante marzo se realizaron actividades en todo el Estado con capacitaciones, pl\u00e1ticas de sensibilizaci\u00f3n, cursos, talleres, conferencias. As\u00ed como de\u00a0conversatorios, cine-m\u00f3vil, clases de defensa personal, jornadas de salud, ferias manos emprendedoras, entre otras Con una agenda unificada de casi 800 actividades realizadas durante todo marzo en coordinaci\u00f3n con los tres Poderes del Estado. Al igual [&hellip;]<\/p>\n","protected":false},"author":1,"featured_media":14376,"comment_status":"open","ping_status":"closed","sticky":false,"template":"","format":"standard","meta":{"footnotes":""},"categories":[10],"tags":[],"class_list":["post-14374","post","type-post","status-publish","format-standard","has-post-thumbnail","hentry","category-quintana-roo"],"_links":{"self":[{"href":"https:\/\/podernacional.com\/index.php?rest_route=\/wp\/v2\/posts\/14374","targetHints":{"allow":["GET"]}}],"collection":[{"href":"https:\/\/podernacional.com\/index.php?rest_route=\/wp\/v2\/posts"}],"about":[{"href":"https:\/\/podernacional.com\/index.php?rest_route=\/wp\/v2\/types\/post"}],"author":[{"embeddable":true,"href":"https:\/\/podernacional.com\/index.php?rest_route=\/wp\/v2\/users\/1"}],"replies":[{"embeddable":true,"href":"https:\/\/podernacional.com\/index.php?rest_route=%2Fwp%2Fv2%2Fcomments&post=14374"}],"version-history":[{"count":1,"href":"https:\/\/podernacional.com\/index.php?rest_route=\/wp\/v2\/posts\/14374\/revisions"}],"predecessor-version":[{"id":14375,"href":"https:\/\/podernacional.com\/index.php?rest_route=\/wp\/v2\/posts\/14374\/revisions\/14375"}],"wp:featuredmedia":[{"embeddable":true,"href":"https:\/\/podernacional.com\/index.php?rest_route=\/wp\/v2\/media\/14376"}],"wp:attachment":[{"href":"https:\/\/podernacional.com\/index.php?rest_route=%2Fwp%2Fv2%2Fmedia&parent=14374"}],"wp:term":[{"taxonomy":"category","embeddable":true,"href":"https:\/\/podernacional.com\/index.php?rest_route=%2Fwp%2Fv2%2Fcategories&post=14374"},{"taxonomy":"post_tag","embeddable":true,"href":"https:\/\/podernacional.com\/index.php?rest_route=%2Fwp%2Fv2%2Ftags&post=14374"}],"curies":[{"name":"wp","href":"https:\/\/api.w.org\/{rel}","templated":true}]}}