{"id":14386,"date":"2023-04-03T08:45:09","date_gmt":"2023-04-03T13:45:09","guid":{"rendered":"https:\/\/podernacional.com\/?p=14386"},"modified":"2023-04-03T05:29:51","modified_gmt":"2023-04-03T05:29:51","slug":"mcdonalds-cierra-temporalmente-sus-oficinas-en-eu-mientras-prepara-despidos","status":"publish","type":"post","link":"https:\/\/podernacional.com\/?p=14386","title":{"rendered":"McDonald&#039;s cierra temporalmente sus oficinas en EU mientras prepara despidos"},"content":{"rendered":"<p>McDonald&#8217;s Corp cerrar\u00e1 temporalmente sus oficinas de Estados Unidos esta semana mientras se prepara para informar a los empleados corporativos sobre despidos emprendidos por el gigante de las hamburguesas como parte de una reestructuraci\u00f3n m\u00e1s amplia de la empresa, inform\u00f3 el Wall Street Journal el domingo.<\/p>\n<p>McDonald&#8217;s comunic\u00f3 la semana pasada en un correo electr\u00f3nico interno a los empleados estadounidenses y a parte del personal internacional que deb\u00edan trabajar desde casa de lunes a mi\u00e9rcoles para poder comunicar las decisiones de personal de forma virtual, seg\u00fan el informe.<\/p>\n<p>\u00abDurante la semana del 3 de abril, comunicaremos las decisiones clave relacionadas con las funciones y los niveles de dotaci\u00f3n de personal en toda la organizaci\u00f3n\u00bb, dijo la cadena de comida r\u00e1pida con sede en Chicago en el mensaje visto por el Journal.<\/p>\n<p>McDonald\u00bbs no respondi\u00f3 de inmediato a la petici\u00f3n de Reuters de hacer un comentario.<\/p>\n","protected":false},"excerpt":{"rendered":"<p>McDonald&#8217;s Corp cerrar\u00e1 temporalmente sus oficinas de Estados Unidos esta semana mientras se prepara para informar a los empleados corporativos sobre despidos emprendidos por el gigante de las hamburguesas como parte de una reestructuraci\u00f3n m\u00e1s amplia de la empresa, inform\u00f3 el Wall Street Journal el domingo. McDonald&#8217;s comunic\u00f3 la semana pasada en un correo electr\u00f3nico [&hellip;]<\/p>\n","protected":false},"author":1,"featured_media":14388,"comment_status":"open","ping_status":"closed","sticky":false,"template":"","format":"standard","meta":{"footnotes":""},"categories":[5],"tags":[],"class_list":["post-14386","post","type-post","status-publish","format-standard","has-post-thumbnail","hentry","category-internacional"],"_links":{"self":[{"href":"https:\/\/podernacional.com\/index.php?rest_route=\/wp\/v2\/posts\/14386","targetHints":{"allow":["GET"]}}],"collection":[{"href":"https:\/\/podernacional.com\/index.php?rest_route=\/wp\/v2\/posts"}],"about":[{"href":"https:\/\/podernacional.com\/index.php?rest_route=\/wp\/v2\/types\/post"}],"author":[{"embeddable":true,"href":"https:\/\/podernacional.com\/index.php?rest_route=\/wp\/v2\/users\/1"}],"replies":[{"embeddable":true,"href":"https:\/\/podernacional.com\/index.php?rest_route=%2Fwp%2Fv2%2Fcomments&post=14386"}],"version-history":[{"count":1,"href":"https:\/\/podernacional.com\/index.php?rest_route=\/wp\/v2\/posts\/14386\/revisions"}],"predecessor-version":[{"id":14387,"href":"https:\/\/podernacional.com\/index.php?rest_route=\/wp\/v2\/posts\/14386\/revisions\/14387"}],"wp:featuredmedia":[{"embeddable":true,"href":"https:\/\/podernacional.com\/index.php?rest_route=\/wp\/v2\/media\/14388"}],"wp:attachment":[{"href":"https:\/\/podernacional.com\/index.php?rest_route=%2Fwp%2Fv2%2Fmedia&parent=14386"}],"wp:term":[{"taxonomy":"category","embeddable":true,"href":"https:\/\/podernacional.com\/index.php?rest_route=%2Fwp%2Fv2%2Fcategories&post=14386"},{"taxonomy":"post_tag","embeddable":true,"href":"https:\/\/podernacional.com\/index.php?rest_route=%2Fwp%2Fv2%2Ftags&post=14386"}],"curies":[{"name":"wp","href":"https:\/\/api.w.org\/{rel}","templated":true}]}}