{"id":14401,"date":"2023-04-03T17:43:44","date_gmt":"2023-04-03T22:43:44","guid":{"rendered":"https:\/\/podernacional.com\/?p=14401"},"modified":"2023-04-03T22:43:46","modified_gmt":"2023-04-03T22:43:46","slug":"plantean-implementar-uso-de-taximetro-en-quintana-roo-tras-reformas-a-la-ley-de-movilidad","status":"publish","type":"post","link":"https:\/\/podernacional.com\/?p=14401","title":{"rendered":"Plantean implementar uso de tax\u00edmetro en Quintana Roo tras reformas a la Ley de Movilidad"},"content":{"rendered":"<h4>Como parte de las reformas para dar entrada a Uber, todos los conductores tendr\u00e1n que ser registrados en el C5 de Quintana Roo.<\/h4>\n<p>Con esto habr\u00e1 una contribuci\u00f3n por concepto de uso de plataformas<\/p>\n<p>La secretaria de Gobierno del Quintana Roo, Cristina Torres, confirm\u00f3 que dentro de la iniciativa que se trabaja en la nueva Ley de Movilidad.<\/p>\n<p>Esto a \u00a0los conductores y sus unidades quedar\u00e1n registrados en el complejo de seguridad C5 del estado.<\/p>\n<p>Adem\u00e1s, ser\u00e1 obligatoria la instalaci\u00f3n de tax\u00edmetros.<\/p>\n<p>Todo ello como parte de la iniciativa que se trabaja para dar cumplimiento a un mandato de un tribunal colegiado.<\/p>\n<h4>As\u00ed como\u00a0para admitir la operaci\u00f3n de plataformas digitales en la entidad<\/h4>\n<p>\u201cLa condicionante, es que todos los operadores van a quedar registrados ante el C5, tendremos los reportes de qui\u00e9nes son los conductores\u201d.<\/p>\n<p>\u201cAdem\u00e1s de\u00a0en qu\u00e9 unidad trabajan, para seguridad de los usuarios y sepan que est\u00e1n dados de alta y que cumplen con todos los requisitos\u201d.<\/p>\n<p>Esto lo\u00a0inform\u00f3 la secretaria de Gobierno.<\/p>\n<p>Cristina Torres record\u00f3 que la iniciativa plantea dos esquemas de trabajo; uno p\u00fablico que ser\u00eda para los taxistas concesionados y otro privado.<\/p>\n<p>As\u00ed como\u00a0donde entran las plataformas digitales como Uber, Didi, Cabify, entro otros.<\/p>\n<p>Sin embargo, dentro del esquema p\u00fablico habr\u00e1 una plataforma p\u00fablica-privada, donde los taxistas podr\u00e1n operar en algunas plataformas digitales.<\/p>\n<p>La encargada de la pol\u00edtica estatal confirm\u00f3 que habr\u00e1 tarifas fijas a trav\u00e9s de un \u201ctax\u00edmetro\u201d.<\/p>\n<p>Adem\u00e1s de una modalidad que ser\u00eda nueva para Quintana Roo.<\/p>\n<p>\u201cPor un lado, ser\u00e1n tarifas puestas por las plataformas y en otro caso se migrar\u00e1 paulatinamente a los tax\u00edmetros\u201d.<\/p>\n<p>Los cuales\u00a0van a permitir que los usuarios sepan el monto oficial de las tarifas y la cual ser\u00e1 fija.<\/p>\n<p>Con ello ya no habr\u00eda problema con los operadores de transporte, que se\u00f1alan que hay tarifas que suben cada que aumenta por ejemplo la gasolina.<\/p>\n<p>Ser\u00e1 paulatinamente porque hay que ir adquiriendo las unidades de tax\u00edmetro e irlas equipando\u201d mencion\u00f3 la funcionaria.<\/p>\n","protected":false},"excerpt":{"rendered":"<p>Como parte de las reformas para dar entrada a Uber, todos los conductores tendr\u00e1n que ser registrados en el C5 de Quintana Roo. Con esto habr\u00e1 una contribuci\u00f3n por concepto de uso de plataformas La secretaria de Gobierno del Quintana Roo, Cristina Torres, confirm\u00f3 que dentro de la iniciativa que se trabaja en la nueva [&hellip;]<\/p>\n","protected":false},"author":1,"featured_media":14403,"comment_status":"open","ping_status":"closed","sticky":false,"template":"","format":"standard","meta":{"footnotes":""},"categories":[10],"tags":[],"class_list":["post-14401","post","type-post","status-publish","format-standard","has-post-thumbnail","hentry","category-quintana-roo"],"_links":{"self":[{"href":"https:\/\/podernacional.com\/index.php?rest_route=\/wp\/v2\/posts\/14401","targetHints":{"allow":["GET"]}}],"collection":[{"href":"https:\/\/podernacional.com\/index.php?rest_route=\/wp\/v2\/posts"}],"about":[{"href":"https:\/\/podernacional.com\/index.php?rest_route=\/wp\/v2\/types\/post"}],"author":[{"embeddable":true,"href":"https:\/\/podernacional.com\/index.php?rest_route=\/wp\/v2\/users\/1"}],"replies":[{"embeddable":true,"href":"https:\/\/podernacional.com\/index.php?rest_route=%2Fwp%2Fv2%2Fcomments&post=14401"}],"version-history":[{"count":1,"href":"https:\/\/podernacional.com\/index.php?rest_route=\/wp\/v2\/posts\/14401\/revisions"}],"predecessor-version":[{"id":14402,"href":"https:\/\/podernacional.com\/index.php?rest_route=\/wp\/v2\/posts\/14401\/revisions\/14402"}],"wp:featuredmedia":[{"embeddable":true,"href":"https:\/\/podernacional.com\/index.php?rest_route=\/wp\/v2\/media\/14403"}],"wp:attachment":[{"href":"https:\/\/podernacional.com\/index.php?rest_route=%2Fwp%2Fv2%2Fmedia&parent=14401"}],"wp:term":[{"taxonomy":"category","embeddable":true,"href":"https:\/\/podernacional.com\/index.php?rest_route=%2Fwp%2Fv2%2Fcategories&post=14401"},{"taxonomy":"post_tag","embeddable":true,"href":"https:\/\/podernacional.com\/index.php?rest_route=%2Fwp%2Fv2%2Ftags&post=14401"}],"curies":[{"name":"wp","href":"https:\/\/api.w.org\/{rel}","templated":true}]}}