{"id":14407,"date":"2023-04-03T18:03:37","date_gmt":"2023-04-03T23:03:37","guid":{"rendered":"https:\/\/podernacional.com\/?p=14407"},"modified":"2023-04-03T23:03:39","modified_gmt":"2023-04-03T23:03:39","slug":"mujeres-unidas-transformaremos-a-quintana-roo-mara-lezama","status":"publish","type":"post","link":"https:\/\/podernacional.com\/?p=14407","title":{"rendered":"Mujeres unidas transformaremos a Quintana Roo: Mara Lezama"},"content":{"rendered":"<h4>-La Gobernadora del Estado clausura Primer Cabildo de Mujeres y toma protesta a Mujeres Embajadoras por la Paz, en Isla Mujeres<\/h4>\n<p>La gobernadora Mara Lezama Espinosa clausur\u00f3 hoy el Primer Cabildo de Mujeres y tom\u00f3 protesta a las Mujeres Embajadoras por la Paz.<\/p>\n<p>Adem\u00e1s de\u00a0organizaciones que se suman y contribuyen en la construcci\u00f3n de soluciones que beneficien a Isla Mujeres y a Quintana Roo.<\/p>\n<p>Ambos son espacios de trabajo en el que las mujeres se organizan, coordinan.<\/p>\n<p>Adem\u00e1s de que se suman a la responsabilidad de construir un mejor Quintana Roo, con bienestar y prosperidad compartida.<\/p>\n<p>As\u00ed como que\u00a0se dedican a crear estrategias para lograr una vida de paz sostenible y duradera.<\/p>\n<p>La gobernadora Mara Lezama destac\u00f3 que, por el alto porcentaje de mujeres con cargos de elecci\u00f3n popular en la entidad.<\/p>\n<p>Por ende, Quintana Roo es punta de lanza a nivel nacional. La primera mujer gobernadora, 17 diputadas locales.<\/p>\n<p>As\u00ed como de\u00a0siete presidentas municipales, cinco s\u00edndicas y 56 regidoras.<\/p>\n<p>As\u00ed como que representan el 48% de las 117 regidur\u00edas de todos los ayuntamientos.<\/p>\n<p>Destac\u00f3 que ese es el esp\u00edritu del Nuevo Acuerdo por el Bienestar y Desarrollo de Quintana Roo, sumando esfuerzos con los y las servidoras p\u00fablicas.<\/p>\n<p>Esto\u00a0en el mismo barco y compartiendo la responsabilidad de construir un mundo mejor, con bienestar y prosperidad compartida.<\/p>\n<h4>Como parte de la convocatoria de este primer cabildo femenil, se tuvo la participaci\u00f3n de 24 mujeres de distintos sectores del municipio.<\/h4>\n<p>Esto de\u00a0quienes presentaron propuestas de impacto en beneficio de la comunidad, de donde fueron seleccionadas 11 propuestas viables.<\/p>\n<p>As\u00ed como de\u00a0entre ellas en materia de fiscalizaci\u00f3n con padr\u00f3n de mujeres, ambulancia para la zona insular.<\/p>\n<p>Adem\u00e1s de apoyo para emprendimiento de negocios, capacitaciones y talleres.<\/p>\n<p>Previo a la clausura del Primer Cabildo de Mujeres, se firm\u00f3 el acuerdo de propuestas aprobadas.<\/p>\n<p>As\u00ed con la gobernadora Mara Lezama como testigo de honor y, por parte del Cabildo, la presidenta municipal Atenea G\u00f3mez Ricalde.<\/p>\n<p>La gobernadora Mara Lezama tom\u00f3 protesta a una red de 100 mujeres embajadoras por la paz.<\/p>\n<p>Del cual es de\u00a0quienes contribuir\u00e1n en la prevenci\u00f3n de la violencia de g\u00e9nero.<\/p>\n<p>A trav\u00e9s de estrategias focalizadas e integrales que contribuyan a identificar factores de riesgo.<\/p>\n<p>As\u00ed como de\u00a0detectar de forma oportuna posible situaciones de violencia, fomentar la igualdad de mujeres y hombres.<\/p>\n<p>Al igual que de\u00a0contribuir a crear entornos libres de violencia, para promover una cultura de paz.<\/p>\n<h4>La red tiene m\u00e1s de 500 mujeres en todo Quintana Roo que busca la reconstrucci\u00f3n del tejido social.<\/h4>\n<p>Todas fueron capacitadas y tendr\u00e1n el acompa\u00f1amiento del Instituto Quintanarroense de la Mujer.<\/p>\n<p>Se tiene a m\u00e1s de 20 mil personas capacitadas en materia de paz y el 15 de abril arrancan con los Ayuntamientos.<\/p>\n<p>\u201cUstedes, las 100 mujeres que rinden protesta el d\u00eda de hoy, son un ejemplo de sororidad\u201d.<\/p>\n<p>\u201cEl cual es\u00a0de esa solidaridad que las mujeres tenemos con otras mujeres con quienes compartimos preocupaciones, angustias\u201d.<\/p>\n<p>\u201cAdem\u00e1s de\u00a0dolores que nos calan en el alma, y tienen su origen en nuestro g\u00e9nero\u201d dijo la titular del Ejecutivo.<\/p>\n","protected":false},"excerpt":{"rendered":"<p>-La Gobernadora del Estado clausura Primer Cabildo de Mujeres y toma protesta a Mujeres Embajadoras por la Paz, en Isla Mujeres La gobernadora Mara Lezama Espinosa clausur\u00f3 hoy el Primer Cabildo de Mujeres y tom\u00f3 protesta a las Mujeres Embajadoras por la Paz. Adem\u00e1s de\u00a0organizaciones que se suman y contribuyen en la construcci\u00f3n de soluciones [&hellip;]<\/p>\n","protected":false},"author":1,"featured_media":14409,"comment_status":"open","ping_status":"closed","sticky":false,"template":"","format":"standard","meta":{"footnotes":""},"categories":[10],"tags":[],"class_list":["post-14407","post","type-post","status-publish","format-standard","has-post-thumbnail","hentry","category-quintana-roo"],"_links":{"self":[{"href":"https:\/\/podernacional.com\/index.php?rest_route=\/wp\/v2\/posts\/14407","targetHints":{"allow":["GET"]}}],"collection":[{"href":"https:\/\/podernacional.com\/index.php?rest_route=\/wp\/v2\/posts"}],"about":[{"href":"https:\/\/podernacional.com\/index.php?rest_route=\/wp\/v2\/types\/post"}],"author":[{"embeddable":true,"href":"https:\/\/podernacional.com\/index.php?rest_route=\/wp\/v2\/users\/1"}],"replies":[{"embeddable":true,"href":"https:\/\/podernacional.com\/index.php?rest_route=%2Fwp%2Fv2%2Fcomments&post=14407"}],"version-history":[{"count":1,"href":"https:\/\/podernacional.com\/index.php?rest_route=\/wp\/v2\/posts\/14407\/revisions"}],"predecessor-version":[{"id":14408,"href":"https:\/\/podernacional.com\/index.php?rest_route=\/wp\/v2\/posts\/14407\/revisions\/14408"}],"wp:featuredmedia":[{"embeddable":true,"href":"https:\/\/podernacional.com\/index.php?rest_route=\/wp\/v2\/media\/14409"}],"wp:attachment":[{"href":"https:\/\/podernacional.com\/index.php?rest_route=%2Fwp%2Fv2%2Fmedia&parent=14407"}],"wp:term":[{"taxonomy":"category","embeddable":true,"href":"https:\/\/podernacional.com\/index.php?rest_route=%2Fwp%2Fv2%2Fcategories&post=14407"},{"taxonomy":"post_tag","embeddable":true,"href":"https:\/\/podernacional.com\/index.php?rest_route=%2Fwp%2Fv2%2Ftags&post=14407"}],"curies":[{"name":"wp","href":"https:\/\/api.w.org\/{rel}","templated":true}]}}