{"id":14410,"date":"2023-04-03T18:05:18","date_gmt":"2023-04-03T23:05:18","guid":{"rendered":"https:\/\/podernacional.com\/?p=14410"},"modified":"2023-04-03T23:05:19","modified_gmt":"2023-04-03T23:05:19","slug":"rotundo-exito-del-festival-ceremonia","status":"publish","type":"post","link":"https:\/\/podernacional.com\/?p=14410","title":{"rendered":"Rotundo \u00e9xito del Festival Ceremonia"},"content":{"rendered":"<h4>Tiene apenas unos d\u00edas que la CDMX, por las lluvias, estuvo a punto de quedarse sin ver a Billie Eilish.<\/h4>\n<p>As\u00ed como, por lo que, cuando los cielos comenzaron a nublarse en el segundo d\u00eda del Festival Axe Cermonia, los asistentes se preocuparon.<\/p>\n<p>Sin embargo, el clima cedi\u00f3 ante un segundo round que promet\u00eda el doble de energ\u00eda, beats.<\/p>\n<p>Adem\u00e1s del\u00a0baile, con un cartel encabezado por Rosal\u00eda, Julieta Venegas, M.I.A, Trueno, The Blaze y Jamie XX.<\/p>\n<p>Pese a que para ese momento la lluvia parec\u00eda ya haber cesado, todo parec\u00eda indicar que se avecinaba otro tipo de movimiento natural.<\/p>\n<p>Adem\u00e1s de\u00a0con la llegada de Rosal\u00eda, cuyo show pronosticaba un descontrol en los fans.<\/p>\n<p>Y es que, pese a que no es la primera vez que se presenta en este festival y visit\u00f3 la CDMX apenas el a\u00f1o pasado con su Motomami World Tour.<\/p>\n<p>El cual\u00a0no hab\u00eda qui\u00e9n quisiera perderse de su presentaci\u00f3n y para una hora antes de su salida.<\/p>\n<h4>As\u00ed como del recinto ya estaba hasta su m\u00e1xima capacidad.<\/h4>\n<p>A las 23:07 el rugir de una nota anunciaba que el momento hab\u00eda llegado y entre los parpadeos de m\u00faltiples reflectores.<\/p>\n<p>El cual\u00a0apareci\u00f3 un grupo de hombres\/ con cascos, que al abrirse dieron paso a su motomami, Rosal\u00eda<\/p>\n<p>La espa\u00f1ola apareci\u00f3 caminando lento como una felina y luciendo un vestido pegado de cuadros rojos con blanco.<\/p>\n<p>Adem\u00e1s de\u00a0que combin\u00f3 con medias y guantes negros, la cantante arranc\u00f3 su show a ritmo de Saoku.<\/p>\n<p>Dentro del tumulto sobresal\u00edan los miles de celulares para grabar sus interpretaciones de temas como Chicken Teriyaki y La Fama.<\/p>\n<p>\u201cNo hace tanto que tuve la suerte de poder estar aqu\u00ed y veo caras conocidas gracias a todos mis fans por estar aqu\u00ed\u2026<\/p>\n<p>\u201cMotomami, inv\u00edtame a tu boda\u201d, ley\u00f3 de entre el p\u00fablico, mensaje que hac\u00eda referencia a su reciente compromiso con Rauw Alejandro.<\/p>\n<h4>\u201cQu\u00e9 m\u00e1s quisiera\u201d, respondi\u00f3 en broma la artista.<\/h4>\n<p>Con su canci\u00f3n De aqu\u00ed no sale, la artista de 30 a\u00f1os hizo lucir su voz con los juegos de armon\u00edas y melod\u00edas tradicionales de su tierra.<\/p>\n<p>La espa\u00f1ola aprovech\u00f3 esos temas para ofrecer tambi\u00e9n poderosos bailes flamencos que acompa\u00f1ada de bailarines la hac\u00edan adue\u00f1arse del escenario.<\/p>\n<p>La cantante hizo una peque\u00f1a pausa cuando su cabello qued\u00f3 enredado en el micr\u00f3fono luego de tanto bailoteo.<\/p>\n<p>Para seguir con su performance se dispuso a bajar del escenario con su p\u00fablico y con c\u00e1mara en mano grab\u00f3 a diversos fans.<\/p>\n<p>Los cuales est\u00e1n\u00a0entonando el \u00e9xito que sac\u00f3 junto a Bad Bunny.<\/p>\n<p>Adem\u00e1s de que\u00a0en esta ocasi\u00f3n ser\u00edan ellos los encargados de hacerle segunda, algu<\/p>\n","protected":false},"excerpt":{"rendered":"<p>Tiene apenas unos d\u00edas que la CDMX, por las lluvias, estuvo a punto de quedarse sin ver a Billie Eilish. As\u00ed como, por lo que, cuando los cielos comenzaron a nublarse en el segundo d\u00eda del Festival Axe Cermonia, los asistentes se preocuparon. Sin embargo, el clima cedi\u00f3 ante un segundo round que promet\u00eda el [&hellip;]<\/p>\n","protected":false},"author":1,"featured_media":14412,"comment_status":"open","ping_status":"closed","sticky":false,"template":"","format":"standard","meta":{"footnotes":""},"categories":[2],"tags":[],"class_list":["post-14410","post","type-post","status-publish","format-standard","has-post-thumbnail","hentry","category-cultural"],"_links":{"self":[{"href":"https:\/\/podernacional.com\/index.php?rest_route=\/wp\/v2\/posts\/14410","targetHints":{"allow":["GET"]}}],"collection":[{"href":"https:\/\/podernacional.com\/index.php?rest_route=\/wp\/v2\/posts"}],"about":[{"href":"https:\/\/podernacional.com\/index.php?rest_route=\/wp\/v2\/types\/post"}],"author":[{"embeddable":true,"href":"https:\/\/podernacional.com\/index.php?rest_route=\/wp\/v2\/users\/1"}],"replies":[{"embeddable":true,"href":"https:\/\/podernacional.com\/index.php?rest_route=%2Fwp%2Fv2%2Fcomments&post=14410"}],"version-history":[{"count":1,"href":"https:\/\/podernacional.com\/index.php?rest_route=\/wp\/v2\/posts\/14410\/revisions"}],"predecessor-version":[{"id":14411,"href":"https:\/\/podernacional.com\/index.php?rest_route=\/wp\/v2\/posts\/14410\/revisions\/14411"}],"wp:featuredmedia":[{"embeddable":true,"href":"https:\/\/podernacional.com\/index.php?rest_route=\/wp\/v2\/media\/14412"}],"wp:attachment":[{"href":"https:\/\/podernacional.com\/index.php?rest_route=%2Fwp%2Fv2%2Fmedia&parent=14410"}],"wp:term":[{"taxonomy":"category","embeddable":true,"href":"https:\/\/podernacional.com\/index.php?rest_route=%2Fwp%2Fv2%2Fcategories&post=14410"},{"taxonomy":"post_tag","embeddable":true,"href":"https:\/\/podernacional.com\/index.php?rest_route=%2Fwp%2Fv2%2Ftags&post=14410"}],"curies":[{"name":"wp","href":"https:\/\/api.w.org\/{rel}","templated":true}]}}