{"id":14413,"date":"2023-04-03T18:07:12","date_gmt":"2023-04-03T23:07:12","guid":{"rendered":"https:\/\/podernacional.com\/?p=14413"},"modified":"2023-04-03T23:07:13","modified_gmt":"2023-04-03T23:07:13","slug":"rosalia-reino-en-el-ultimo-dia-del-festival-ceremonia-2023","status":"publish","type":"post","link":"https:\/\/podernacional.com\/?p=14413","title":{"rendered":"Rosal\u00eda rein\u00f3 en el \u00faltimo d\u00eda del festival Ceremonia 2023"},"content":{"rendered":"<h4>En solo unos segundos conquist\u00f3 a miles de asistentes que se dieron cita en el segundo d\u00eda de actividades del Festival Ceremonia<\/h4>\n<p>La cantante arranc\u00f3 en el escenario con sensuales pasos de flamenco.<\/p>\n<p>La motomami arrib\u00f3 a M\u00e9xico y con una velocidad incontrolable. En solo unos segundos conquist\u00f3 a miles de asistentes.<\/p>\n<p>Los cuales que se dieron cita en el segundo d\u00eda de actividades del Festival Ceremonia.<\/p>\n<p>Adem\u00e1s de\u00a0que se llev\u00f3 a cabo s\u00e1bado y domingo en el Parque Bicentenario.<\/p>\n<p>Minutos despu\u00e9s de las 23:00 horas, hora en que estaba anunciada, el ruido de motocicletas retumb\u00f3 en las bocinas del lugar.<\/p>\n<p>Al igual de\u00a0un grupo de ocho bailarines sali\u00f3 con cascos negros con blanco; al fondo, en la punta de la pir\u00e1mide que formaron.<\/p>\n<h4>As\u00ed como que\u00a0se encontraba una curvil\u00ednea persona, con un casco con cuernos, lo que la caracteriz\u00f3 de los dem\u00e1s.<\/h4>\n<p>Esa persona fue Rosal\u00eda. En el momento en el que se descubri\u00f3 el rostro y se ilumin\u00f3 el escenario, la espa\u00f1ola sonri\u00f3.<\/p>\n<p>Portaba un vestido color rojo con blanco, en cuadr\u00edcula, con guantes, medias y botas color negro.<\/p>\n<p>Comenz\u00f3 con toda la energ\u00eda con el tema \u201cSaoko\u201d y continu\u00f3 con uno de sus sencillos m\u00e1s movidos que se viraliz\u00f3 en redes sociales \u201cBizcochito\u201d.<\/p>\n<p>As\u00ed como\u00a0en el que, no faltaron las muecas tan populares de la cantante de 30 a\u00f1os.<\/p>\n<p>\u201cBuenas noches, M\u00e9xico. \u00bfC\u00f3mo estamos? Esto est\u00e1 llenito, llenito, llenito y de ver esto as\u00ed, m\u00e1s llenito est\u00e1 mi coraz\u00f3n.<\/p>\n<p>\u00a1Dios m\u00edo, woow! M\u00e9xico no hace tanto que tuve la suerte de poder estar aqu\u00ed.<\/p>\n<p>Adem\u00e1s de que\u00a0veo caras conocidas gracias a todos los fans por estar aqu\u00ed, por venir a compartir\u201d, dijo Rosal\u00eda sobre el escenario.<\/p>\n<p>Y, desde el inicio, el tema de su reci\u00e9n compromiso sali\u00f3 a colaci\u00f3n gracias a un letrero de una fan.<\/p>\n<p>Al igual de\u00a0que me solicitaba que la invitara a la boda con Rauw Alejandro.<\/p>\n<p>&nbsp;<\/p>\n<p>&nbsp;<\/p>\n","protected":false},"excerpt":{"rendered":"<p>En solo unos segundos conquist\u00f3 a miles de asistentes que se dieron cita en el segundo d\u00eda de actividades del Festival Ceremonia La cantante arranc\u00f3 en el escenario con sensuales pasos de flamenco. La motomami arrib\u00f3 a M\u00e9xico y con una velocidad incontrolable. En solo unos segundos conquist\u00f3 a miles de asistentes. Los cuales que [&hellip;]<\/p>\n","protected":false},"author":1,"featured_media":14415,"comment_status":"open","ping_status":"closed","sticky":false,"template":"","format":"standard","meta":{"footnotes":""},"categories":[4],"tags":[],"class_list":["post-14413","post","type-post","status-publish","format-standard","has-post-thumbnail","hentry","category-espectaculos"],"_links":{"self":[{"href":"https:\/\/podernacional.com\/index.php?rest_route=\/wp\/v2\/posts\/14413","targetHints":{"allow":["GET"]}}],"collection":[{"href":"https:\/\/podernacional.com\/index.php?rest_route=\/wp\/v2\/posts"}],"about":[{"href":"https:\/\/podernacional.com\/index.php?rest_route=\/wp\/v2\/types\/post"}],"author":[{"embeddable":true,"href":"https:\/\/podernacional.com\/index.php?rest_route=\/wp\/v2\/users\/1"}],"replies":[{"embeddable":true,"href":"https:\/\/podernacional.com\/index.php?rest_route=%2Fwp%2Fv2%2Fcomments&post=14413"}],"version-history":[{"count":1,"href":"https:\/\/podernacional.com\/index.php?rest_route=\/wp\/v2\/posts\/14413\/revisions"}],"predecessor-version":[{"id":14414,"href":"https:\/\/podernacional.com\/index.php?rest_route=\/wp\/v2\/posts\/14413\/revisions\/14414"}],"wp:featuredmedia":[{"embeddable":true,"href":"https:\/\/podernacional.com\/index.php?rest_route=\/wp\/v2\/media\/14415"}],"wp:attachment":[{"href":"https:\/\/podernacional.com\/index.php?rest_route=%2Fwp%2Fv2%2Fmedia&parent=14413"}],"wp:term":[{"taxonomy":"category","embeddable":true,"href":"https:\/\/podernacional.com\/index.php?rest_route=%2Fwp%2Fv2%2Fcategories&post=14413"},{"taxonomy":"post_tag","embeddable":true,"href":"https:\/\/podernacional.com\/index.php?rest_route=%2Fwp%2Fv2%2Ftags&post=14413"}],"curies":[{"name":"wp","href":"https:\/\/api.w.org\/{rel}","templated":true}]}}