{"id":14517,"date":"2023-04-06T16:31:19","date_gmt":"2023-04-06T21:31:19","guid":{"rendered":"https:\/\/podernacional.com\/?p=14517"},"modified":"2023-04-06T21:31:21","modified_gmt":"2023-04-06T21:31:21","slug":"inicia-8vo-festival-nacional-e-internacional-de-arte-y-tradicion","status":"publish","type":"post","link":"https:\/\/podernacional.com\/?p=14517","title":{"rendered":"Inicia 8vo Festival Nacional e Internacional de Arte y Tradici\u00f3n"},"content":{"rendered":"<h4>Bailes, muestras artesanales y gastron\u00f3micas ser\u00e1 parte de lo que Paraguay y Serbia traer\u00e1n a Tulancingo, as\u00ed como la CDMX y Veracruz<\/h4>\n<p>Las actividades del festival terminar\u00e1n hasta el domingo con un desfile.<\/p>\n<p>Por octava ocasi\u00f3n, llegar\u00e1 a Tulancingo el Festival Nacional e Internacional de Arte y Tradici\u00f3n Hidalgo 2023.<\/p>\n<p>Lugar en donde los pa\u00edses invitados ser\u00e1n Paraguay y Serbia, la Ciudad de M\u00e9xico y Veracruz son los estados igualmente invitados.<\/p>\n<p>El festival tendr\u00e1 actividades como bailables de folklore y artesan\u00edas de los pa\u00edses y estados invitados.<\/p>\n<p>Esto\u00a0con el objetivo de dar difusi\u00f3n a otras culturas y al mismo tiempo, fortalecer lazos con M\u00e9xico.<\/p>\n<p>Ser\u00e1n m\u00e1s de 120 los bailarines nacionales e internacionales que llegar\u00e1n a darle alegr\u00eda al municipio.<\/p>\n<p>Esto\u00a0pues las actividades comienzan el jueves 6 de abril y culminar\u00e1n el domingo 9 de abril.<\/p>\n<p>Dentro de las actividades del programa, para el jueves se contempla la inauguraci\u00f3n del festival en el Centro Cultural Ricardo Garibay.<\/p>\n<p>As\u00ed como en punto de las 05:00 horas. Para el viernes 7 no se contemplan actividades para el p\u00fablico.<\/p>\n<h4>Ya que ser\u00e1 el d\u00eda en que los bailarines aprovechen para conocer Tulancingo y sus atractivos.<\/h4>\n<p>El s\u00e1bado 8 de abril se retomar\u00e1n las actividades con ponencias y talleres sobre la cultura, artesan\u00edas y folklore de los pa\u00edses y estados invitados.<\/p>\n<p>Adem\u00e1s de\u00a0mismas en las que podr\u00e1n participar directamente algunos de los asistentes.<\/p>\n<p>Para finalizar las actividades del festival, el domingo 9 los bailarines disfrutar\u00e1n de un recorrido en el Tulanbus,.<\/p>\n<p>As\u00ed como\u00a0en punto de las 03:00 horas se llevar\u00e1 a cabo un desfile por las principales arterias del municipio.<\/p>\n<p>Iniciar\u00e1 por Libertad, la Calzada 5 de mayo hasta llegar a 21 de marzo, seguir\u00e1n por Bravo, Independencia, Fernando Soto.<\/p>\n<p>Adem\u00e1s de\u00a01ero de mayo, Ju\u00e1rez y finalizar\u00e1n en el Centro de Cultura Ricardo Garibay, donde iniciar\u00e1 formalmente el cierre del festival.<\/p>\n<p>Este festival se ha realizado desde el 2013 y ha dejado una importante derrama econ\u00f3mica al sector hotelero y comerciante.<\/p>\n<p>Esto\u00a0por lo que se espera este a\u00f1o no sea la excepci\u00f3n pues los d\u00edas vacacionales influyen positivamente en las actividades culturales.<\/p>\n<p>&nbsp;<\/p>\n<p>&nbsp;<\/p>\n","protected":false},"excerpt":{"rendered":"<p>Bailes, muestras artesanales y gastron\u00f3micas ser\u00e1 parte de lo que Paraguay y Serbia traer\u00e1n a Tulancingo, as\u00ed como la CDMX y Veracruz Las actividades del festival terminar\u00e1n hasta el domingo con un desfile. Por octava ocasi\u00f3n, llegar\u00e1 a Tulancingo el Festival Nacional e Internacional de Arte y Tradici\u00f3n Hidalgo 2023. Lugar en donde los pa\u00edses [&hellip;]<\/p>\n","protected":false},"author":1,"featured_media":14519,"comment_status":"open","ping_status":"closed","sticky":false,"template":"","format":"standard","meta":{"footnotes":""},"categories":[2],"tags":[],"class_list":["post-14517","post","type-post","status-publish","format-standard","has-post-thumbnail","hentry","category-cultural"],"_links":{"self":[{"href":"https:\/\/podernacional.com\/index.php?rest_route=\/wp\/v2\/posts\/14517","targetHints":{"allow":["GET"]}}],"collection":[{"href":"https:\/\/podernacional.com\/index.php?rest_route=\/wp\/v2\/posts"}],"about":[{"href":"https:\/\/podernacional.com\/index.php?rest_route=\/wp\/v2\/types\/post"}],"author":[{"embeddable":true,"href":"https:\/\/podernacional.com\/index.php?rest_route=\/wp\/v2\/users\/1"}],"replies":[{"embeddable":true,"href":"https:\/\/podernacional.com\/index.php?rest_route=%2Fwp%2Fv2%2Fcomments&post=14517"}],"version-history":[{"count":1,"href":"https:\/\/podernacional.com\/index.php?rest_route=\/wp\/v2\/posts\/14517\/revisions"}],"predecessor-version":[{"id":14518,"href":"https:\/\/podernacional.com\/index.php?rest_route=\/wp\/v2\/posts\/14517\/revisions\/14518"}],"wp:featuredmedia":[{"embeddable":true,"href":"https:\/\/podernacional.com\/index.php?rest_route=\/wp\/v2\/media\/14519"}],"wp:attachment":[{"href":"https:\/\/podernacional.com\/index.php?rest_route=%2Fwp%2Fv2%2Fmedia&parent=14517"}],"wp:term":[{"taxonomy":"category","embeddable":true,"href":"https:\/\/podernacional.com\/index.php?rest_route=%2Fwp%2Fv2%2Fcategories&post=14517"},{"taxonomy":"post_tag","embeddable":true,"href":"https:\/\/podernacional.com\/index.php?rest_route=%2Fwp%2Fv2%2Ftags&post=14517"}],"curies":[{"name":"wp","href":"https:\/\/api.w.org\/{rel}","templated":true}]}}