{"id":14523,"date":"2023-04-06T16:35:03","date_gmt":"2023-04-06T21:35:03","guid":{"rendered":"https:\/\/podernacional.com\/?p=14523"},"modified":"2023-04-06T21:35:04","modified_gmt":"2023-04-06T21:35:04","slug":"la-oms-anuncia-la-lista-de-finalistas-y-el-jurado-del-festival-de-cine-salud-para-todos","status":"publish","type":"post","link":"https:\/\/podernacional.com\/?p=14523","title":{"rendered":"La OMS anuncia la lista de finalistas y el jurado del Festival de Cine \u00abSalud para todos\u00bb"},"content":{"rendered":"<h4>El jurado del festival est\u00e1 compuesto por actores, m\u00fasicos, activistas y personalidades de los medios de comunicaci\u00f3n de renombre.<\/h4>\n<p>Cerca de 800 cineastas de 106 pa\u00edses han presentado cortometrajes para la 4.\u00aa edici\u00f3n del Festival de Cine \u00abSalud para todos\u00bb de la OMS.<\/p>\n<p>As\u00ed como de\u00a0sobre temas que van desde el trauma de la guerra hasta la convivencia con la COVID-19.<\/p>\n<p>Se han seleccionado unas 90 pel\u00edculas para la lista de finalistas, que ser\u00e1n revisadas por un jurado de artistas internacionales y l\u00edderes del desarrollo.<\/p>\n<p>Al igual que\u00a0como paso previo al anuncio de los ganadores en junio de 2023.<\/p>\n<p>\u00abEl Festival de Cine \u00abSalud para todos\u00bb re\u00fane historias impactantes sobre muchos problemas de salud de todo el mundo.<\/p>\n<p>Adem\u00e1s de estar aportando emoci\u00f3n y un rostro humano a la labor cient\u00edfica de la OMS.<\/p>\n<p>El cine tiene un gran potencial para concienciar sobre problemas de salud menos conocidos.<\/p>\n<h4>Adem\u00e1s de\u00a0mejorar la comprensi\u00f3n de las experiencias que las personas tienen con la salud:<\/h4>\n<p>Son formas importantes de avanzar hacia la Salud para todos,\u00bb ha declarado el Director General de la OMS, Dr. Tedros Adhanom Ghebreyesus.<\/p>\n<p>El jurado del festival de este a\u00f1o est\u00e1 compuesto por los siguientes distinguidos profesionales, artistas y activistas.<\/p>\n<p>As\u00ed como de junto con expertos de alto nivel de la OMS: Sharon Stone (actriz de los Estados Unidos); Alfonso Herrera (actor de M\u00e9xico).<\/p>\n<p>Ricky Kej (m\u00fasico de la India); Melissa Fleming (Secretaria General Adjunta de Comunicaci\u00f3n Global de las Naciones Unidas)<\/p>\n<p>Dra. Tlaleng Mofokeng (Relatora Especial de las Naciones Unidas sobre el derecho a la salud de Sud\u00e1frica)<\/p>\n<p>Sherrie Silver (core\u00f3grafa de danza de Rwanda), Sophia Kianni (activista del clima iran\u00ed-estadounidense)<\/p>\n<p>Adelle Onyango (personalidad medi\u00e1tica y creadora de podcasts de Kenya).<\/p>\n<p>Las 90 pel\u00edculas preseleccionadas est\u00e1n disponibles en el canal de YouTube de la OMS en seis listas de reproducci\u00f3n.<\/p>\n<p>As\u00ed como de una para cada una de las categor\u00edas del certamen: cobertura sanitaria universal, emergencias sanitarias, mejor salud y bienestar.<\/p>\n<p>Adem\u00e1s de un cambio clim\u00e1tico y salud, salud y derechos sexuales y reproductivos y cortometrajes breves.<\/p>\n<p>La selecci\u00f3n de este a\u00f1o abarca una amplia gama de temas: el trauma de la guerra; enfermedades, en particular COVID-19, VIH-Sida.<\/p>\n<p>Adem\u00e1s de problemas de salud mental; discapacidad; as\u00ed como los factores ambientales y sociales de la salud, incluida la violencia de g\u00e9nero.<\/p>\n<h4>Animamos al p\u00fablico a ver y comentar las pel\u00edculas preseleccionadas que m\u00e1s les gusten.<\/h4>\n<p>Al igual de que\u00a0a defenderlas en las redes sociales con el hashtag #Film4Health.<\/p>\n<p>En las pr\u00f3ximas semanas, los miembros del jurado revisar\u00e1n las pel\u00edculas preseleccionadas.<\/p>\n<p>As\u00ed como que\u00a0recomendar\u00e1n los ganadores al Director General de la OMS, quien tomar\u00e1 la decisi\u00f3n final.<\/p>\n<p>En junio se anunciar\u00e1n tres Grand Prix y cuatro premios especiales en la ceremonia de entrega de premios en l\u00ednea.<\/p>\n<p>Adem\u00e1s de que\u00a0a la que seguir\u00e1 una serie de debates con los ganadores y los miembros del jurado.<\/p>\n<p>Desde el lanzamiento del festival en 2020, se han presentado casi 4300 pel\u00edculas por parte de pacientes, trabajadores de la salud.<\/p>\n<p>As\u00ed como de\u00a0activistas, estudiantes y cineastas profesionales.<\/p>\n<p>Para obtener m\u00e1s informaci\u00f3n sobre la selecci\u00f3n oficial, la composici\u00f3n del jurado y otros datos puede visitar:<\/p>\n<p>https:\/\/www.who.int\/initiatives\/health-for-all-film-festival.<\/p>\n","protected":false},"excerpt":{"rendered":"<p>El jurado del festival est\u00e1 compuesto por actores, m\u00fasicos, activistas y personalidades de los medios de comunicaci\u00f3n de renombre. Cerca de 800 cineastas de 106 pa\u00edses han presentado cortometrajes para la 4.\u00aa edici\u00f3n del Festival de Cine \u00abSalud para todos\u00bb de la OMS. As\u00ed como de\u00a0sobre temas que van desde el trauma de la guerra [&hellip;]<\/p>\n","protected":false},"author":1,"featured_media":14525,"comment_status":"open","ping_status":"closed","sticky":false,"template":"","format":"standard","meta":{"footnotes":""},"categories":[2],"tags":[],"class_list":["post-14523","post","type-post","status-publish","format-standard","has-post-thumbnail","hentry","category-cultural"],"_links":{"self":[{"href":"https:\/\/podernacional.com\/index.php?rest_route=\/wp\/v2\/posts\/14523","targetHints":{"allow":["GET"]}}],"collection":[{"href":"https:\/\/podernacional.com\/index.php?rest_route=\/wp\/v2\/posts"}],"about":[{"href":"https:\/\/podernacional.com\/index.php?rest_route=\/wp\/v2\/types\/post"}],"author":[{"embeddable":true,"href":"https:\/\/podernacional.com\/index.php?rest_route=\/wp\/v2\/users\/1"}],"replies":[{"embeddable":true,"href":"https:\/\/podernacional.com\/index.php?rest_route=%2Fwp%2Fv2%2Fcomments&post=14523"}],"version-history":[{"count":1,"href":"https:\/\/podernacional.com\/index.php?rest_route=\/wp\/v2\/posts\/14523\/revisions"}],"predecessor-version":[{"id":14524,"href":"https:\/\/podernacional.com\/index.php?rest_route=\/wp\/v2\/posts\/14523\/revisions\/14524"}],"wp:featuredmedia":[{"embeddable":true,"href":"https:\/\/podernacional.com\/index.php?rest_route=\/wp\/v2\/media\/14525"}],"wp:attachment":[{"href":"https:\/\/podernacional.com\/index.php?rest_route=%2Fwp%2Fv2%2Fmedia&parent=14523"}],"wp:term":[{"taxonomy":"category","embeddable":true,"href":"https:\/\/podernacional.com\/index.php?rest_route=%2Fwp%2Fv2%2Fcategories&post=14523"},{"taxonomy":"post_tag","embeddable":true,"href":"https:\/\/podernacional.com\/index.php?rest_route=%2Fwp%2Fv2%2Ftags&post=14523"}],"curies":[{"name":"wp","href":"https:\/\/api.w.org\/{rel}","templated":true}]}}