{"id":14526,"date":"2023-04-06T16:36:39","date_gmt":"2023-04-06T21:36:39","guid":{"rendered":"https:\/\/podernacional.com\/?p=14526"},"modified":"2023-04-06T21:36:40","modified_gmt":"2023-04-06T21:36:40","slug":"congreso-de-q-roo-entra-en-analisis-ley-de-seguridad-ciudadana","status":"publish","type":"post","link":"https:\/\/podernacional.com\/?p=14526","title":{"rendered":"Congreso de Q. Roo: Entra en an\u00e1lisis Ley de Seguridad Ciudadana"},"content":{"rendered":"<h4>El nuevo proyecto propone que las polic\u00edas de seguridad tambi\u00e9n realicen acciones de investigaci\u00f3n.<\/h4>\n<p>El Congreso de Quintana Roo turn\u00f3 a comisiones, para su an\u00e1lisis, la propuesta de la nueva Ley de Seguridad Ciudadana de Quintana Roo.<\/p>\n<p>Adem\u00e1s de\u00a0que propone que las polic\u00edas de seguridad tambi\u00e9n realicen acciones de investigaci\u00f3n.<\/p>\n<p>El diputado presidente de la Junta de Gobierno y Coordinaci\u00f3n Pol\u00edtica de la XVII Legislatura, Ren\u00e1n S\u00e1nchez Tajonar.<\/p>\n<p>Con esto asegur\u00f3 que se le dar\u00e1 celeridad a su an\u00e1lisis.<\/p>\n<p>Al igual que de la\u00a0aprobaci\u00f3n con el objetivo de coadyuvar con un nuevo enfoque de protecci\u00f3n a la ciudadan\u00eda.<\/p>\n<p>\u201cLa implementaci\u00f3n de este nuevo modelo de seguridad se requerir\u00e1 de la participaci\u00f3n de todos los sectores tanto p\u00fablico, privado y social\u201d.<\/p>\n<p>\u201cAs\u00ed como\u00a0por lo que desde el Poder Legislativo se har\u00e1 un an\u00e1lisis responsable de la iniciativa\u201d, coment\u00f3.<\/p>\n<h4>El documento fue entregado a trav\u00e9s de los titulares de las secretar\u00edas de Gobierno y de Seguridad P\u00fablica, Cristina Torres G\u00f3mez.<\/h4>\n<p>Adem\u00e1s de Rub\u00e9n Oyarvide Pedrero, respectivamente, quienes aseguraron que con esta nueva ley se agilizar\u00e1n los procesos de investigaci\u00f3n y soluci\u00f3n del delito.<\/p>\n<p>\u201cSe basa en la facultad que tiene el Gobierno del Estado para adecuar el funcionamiento de la administraci\u00f3n p\u00fablica\u201d.<\/p>\n<p>\u201cEsto a las exigencias actuales en materia de seguridad. Con este objetivo en mente es que se est\u00e1n creando nuevas instituciones\u201d.<\/p>\n<p>\u201cAs\u00ed como de\u00a0\u00f3rganos de cuerpos de seguridad especializados para garantizar la paz en la entidad\u201d, se\u00f1al\u00f3 Oyarvide Pedrero.<\/p>\n<p>Resalta la divisi\u00f3n de las instituciones polic\u00edacas estatales en ocho unidades: la preventiva, de investigaci\u00f3n e inteligencia.<\/p>\n<p>Adem\u00e1s de la proximidad social, de caminos (dividida a su vez en rural y tr\u00e1nsito), procesal, penitenciaria, de reacci\u00f3n.<\/p>\n<p>As\u00ed como de la unidad de Servicios Especiales de Vigilancia y de Servicio P\u00fablico de Escolta.<\/p>\n<p>La primera mantendr\u00e1 la mayor\u00eda de las facultades actuales de la Polic\u00eda, mientras que la de investigaci\u00f3n.<\/p>\n<p>Adem\u00e1s de la inteligencia tendr\u00e1 funciones de recabar pruebas e iniciar investigaciones para resolver delitos.<\/p>\n<p>Esto con lo cual hasta ahora era un tema exclusivo de las polic\u00edas ministeriales.<\/p>\n","protected":false},"excerpt":{"rendered":"<p>El nuevo proyecto propone que las polic\u00edas de seguridad tambi\u00e9n realicen acciones de investigaci\u00f3n. El Congreso de Quintana Roo turn\u00f3 a comisiones, para su an\u00e1lisis, la propuesta de la nueva Ley de Seguridad Ciudadana de Quintana Roo. Adem\u00e1s de\u00a0que propone que las polic\u00edas de seguridad tambi\u00e9n realicen acciones de investigaci\u00f3n. El diputado presidente de la [&hellip;]<\/p>\n","protected":false},"author":1,"featured_media":14528,"comment_status":"open","ping_status":"closed","sticky":false,"template":"","format":"standard","meta":{"footnotes":""},"categories":[10],"tags":[],"class_list":["post-14526","post","type-post","status-publish","format-standard","has-post-thumbnail","hentry","category-quintana-roo"],"_links":{"self":[{"href":"https:\/\/podernacional.com\/index.php?rest_route=\/wp\/v2\/posts\/14526","targetHints":{"allow":["GET"]}}],"collection":[{"href":"https:\/\/podernacional.com\/index.php?rest_route=\/wp\/v2\/posts"}],"about":[{"href":"https:\/\/podernacional.com\/index.php?rest_route=\/wp\/v2\/types\/post"}],"author":[{"embeddable":true,"href":"https:\/\/podernacional.com\/index.php?rest_route=\/wp\/v2\/users\/1"}],"replies":[{"embeddable":true,"href":"https:\/\/podernacional.com\/index.php?rest_route=%2Fwp%2Fv2%2Fcomments&post=14526"}],"version-history":[{"count":1,"href":"https:\/\/podernacional.com\/index.php?rest_route=\/wp\/v2\/posts\/14526\/revisions"}],"predecessor-version":[{"id":14527,"href":"https:\/\/podernacional.com\/index.php?rest_route=\/wp\/v2\/posts\/14526\/revisions\/14527"}],"wp:featuredmedia":[{"embeddable":true,"href":"https:\/\/podernacional.com\/index.php?rest_route=\/wp\/v2\/media\/14528"}],"wp:attachment":[{"href":"https:\/\/podernacional.com\/index.php?rest_route=%2Fwp%2Fv2%2Fmedia&parent=14526"}],"wp:term":[{"taxonomy":"category","embeddable":true,"href":"https:\/\/podernacional.com\/index.php?rest_route=%2Fwp%2Fv2%2Fcategories&post=14526"},{"taxonomy":"post_tag","embeddable":true,"href":"https:\/\/podernacional.com\/index.php?rest_route=%2Fwp%2Fv2%2Ftags&post=14526"}],"curies":[{"name":"wp","href":"https:\/\/api.w.org\/{rel}","templated":true}]}}