{"id":14529,"date":"2023-04-06T18:29:48","date_gmt":"2023-04-06T23:29:48","guid":{"rendered":"https:\/\/podernacional.com\/?p=14529"},"modified":"2023-04-06T23:29:50","modified_gmt":"2023-04-06T23:29:50","slug":"qroo-se-vestira-de-gala-para-recibir-a-los-lideres-de-la-celac-mara-lezama","status":"publish","type":"post","link":"https:\/\/podernacional.com\/?p=14529","title":{"rendered":"QRoo &#039;&#039;se vestir\u00e1 de gala&#039;&#039; para recibir a los l\u00edderes de la Celac: Mara Lezama"},"content":{"rendered":"<h4>Canc\u00fan ser\u00e1 sede de la cumbre de dirigentes los d\u00edas 6 y 7 de mayo<\/h4>\n<p>La gobernadora de Quintana Roo, Mara Lezama Espinosa, mostr\u00f3 su entusiasmo por el anuncio hecho por el presidente de M\u00e9xico.<\/p>\n<p>Ya que\u00a0Andr\u00e9s Manuel L\u00f3pez Obrador, de que Canc\u00fan ser\u00e1 sede de la cumbre de l\u00edderes.<\/p>\n<p>Esto\u00a0de la Comunidad de Estados Latinoamericanos y Caribe\u00f1os (CELAC) los d\u00edas 6 y 7 de mayo pr\u00f3ximos.<\/p>\n<p>Respecto al encuentro Mara Lezama afirm\u00f3 que la entidad \u201cse vestir\u00e1 de gala\u201d para recibir a los primeros mandatarios.<\/p>\n<p>El cual es\u00a0de diversos pa\u00edses latinoamericanos en un evento \u201cinolvidable, que fortalecer\u00e1 lazos y unir\u00e1 al continente\u201d.<\/p>\n<p>\u201cEl presidente Andr\u00e9s Manuel L\u00f3pez Obrador ha convocado a los l\u00edderes de la CELAC a una cumbre.<\/p>\n<p>Les comparto con mucha emoci\u00f3n que ser\u00e1 en Canc\u00fan los d\u00edas 6 y 7 de mayo\u201d, explic\u00f3 gobernadora de Quintana Roo en sus redes sociales.<\/p>\n<p>La mandataria se reuni\u00f3 con el presidente de M\u00e9xico el mi\u00e9rcoles 5 de abril en Palenque, Chiapas.<\/p>\n<p>Adem\u00e1s de que\u00a0donde el mandatario encabez\u00f3 una reuni\u00f3n de evaluaci\u00f3n sobre los avances del Tren Maya. L\u00f3pez Obrador.<\/p>\n<p>El cual\u00a0pasar\u00e1 en esa entidad el festivo por la Semana Santa y retomar\u00e1 sus actividades el pr\u00f3ximo lunes.<\/p>\n<h4>Durante la reuni\u00f3n conjunta de evaluaci\u00f3n de los siete tramos del Tren Maya.<\/h4>\n<p>Con esto\u00a0la gobernadora inform\u00f3 que se ha liberado el 100 por ciento de los 36.37 kil\u00f3metros que comprende el frente 1 del tramo 7.<\/p>\n<p>El cual es\u00a0(que corresponde a Quintana Roo), en las tareas de salvamento arqueol\u00f3gico que le encomend\u00f3 el presidente Andr\u00e9s Manuel L\u00f3pez Obrador.<\/p>\n<p>En la reuni\u00f3n , donde estuvo presente personal del Instituto Nacional de Antropolog\u00eda e Historia (INAH).<\/p>\n<p>Adem\u00e1s\u00a0de la Secretar\u00eda de la Defensa Nacional (Sedena), la gobernadora Mara Lezama agradeci\u00f3 la coordinaci\u00f3n interinstitucional entre la federaci\u00f3n y el estado.<\/p>\n<p>\u201cQue permitir\u00e1 avanzar en la construcci\u00f3n de esta obra magna que generar\u00e1 desarrollo social con m\u00e1s empleo\u201d.<\/p>\n<p>\u201cAs\u00ed como de\u00a0m\u00e1s turismo y prosperidad compartida en las comunidades donde correr\u00e1\u201d.<\/p>\n<p>\u201cSomos los primeros en concluir el frente que nos asign\u00f3 el presidente y estaremos apoyando en otros espacios que requieren avanzar.<\/p>\n<p>El rescate de los tesoros arqueol\u00f3gicos da cuenta del glorioso pasado de nuestra cultura maya y que el mundo tiene derecho a conocer\u201d, dijo.<\/p>\n<p>&nbsp;<\/p>\n","protected":false},"excerpt":{"rendered":"<p>Canc\u00fan ser\u00e1 sede de la cumbre de dirigentes los d\u00edas 6 y 7 de mayo La gobernadora de Quintana Roo, Mara Lezama Espinosa, mostr\u00f3 su entusiasmo por el anuncio hecho por el presidente de M\u00e9xico. Ya que\u00a0Andr\u00e9s Manuel L\u00f3pez Obrador, de que Canc\u00fan ser\u00e1 sede de la cumbre de l\u00edderes. Esto\u00a0de la Comunidad de Estados [&hellip;]<\/p>\n","protected":false},"author":1,"featured_media":14531,"comment_status":"open","ping_status":"closed","sticky":false,"template":"","format":"standard","meta":{"footnotes":""},"categories":[10],"tags":[],"class_list":["post-14529","post","type-post","status-publish","format-standard","has-post-thumbnail","hentry","category-quintana-roo"],"_links":{"self":[{"href":"https:\/\/podernacional.com\/index.php?rest_route=\/wp\/v2\/posts\/14529","targetHints":{"allow":["GET"]}}],"collection":[{"href":"https:\/\/podernacional.com\/index.php?rest_route=\/wp\/v2\/posts"}],"about":[{"href":"https:\/\/podernacional.com\/index.php?rest_route=\/wp\/v2\/types\/post"}],"author":[{"embeddable":true,"href":"https:\/\/podernacional.com\/index.php?rest_route=\/wp\/v2\/users\/1"}],"replies":[{"embeddable":true,"href":"https:\/\/podernacional.com\/index.php?rest_route=%2Fwp%2Fv2%2Fcomments&post=14529"}],"version-history":[{"count":1,"href":"https:\/\/podernacional.com\/index.php?rest_route=\/wp\/v2\/posts\/14529\/revisions"}],"predecessor-version":[{"id":14530,"href":"https:\/\/podernacional.com\/index.php?rest_route=\/wp\/v2\/posts\/14529\/revisions\/14530"}],"wp:featuredmedia":[{"embeddable":true,"href":"https:\/\/podernacional.com\/index.php?rest_route=\/wp\/v2\/media\/14531"}],"wp:attachment":[{"href":"https:\/\/podernacional.com\/index.php?rest_route=%2Fwp%2Fv2%2Fmedia&parent=14529"}],"wp:term":[{"taxonomy":"category","embeddable":true,"href":"https:\/\/podernacional.com\/index.php?rest_route=%2Fwp%2Fv2%2Fcategories&post=14529"},{"taxonomy":"post_tag","embeddable":true,"href":"https:\/\/podernacional.com\/index.php?rest_route=%2Fwp%2Fv2%2Ftags&post=14529"}],"curies":[{"name":"wp","href":"https:\/\/api.w.org\/{rel}","templated":true}]}}