{"id":14532,"date":"2023-04-07T18:26:50","date_gmt":"2023-04-07T23:26:50","guid":{"rendered":"https:\/\/podernacional.com\/?p=14532"},"modified":"2023-04-07T23:26:51","modified_gmt":"2023-04-07T23:26:51","slug":"disfruta-del-evento-gastronomico-del-festival-del-pulque-y-la-cerveza","status":"publish","type":"post","link":"https:\/\/podernacional.com\/?p=14532","title":{"rendered":"Disfruta del evento gastron\u00f3mico del Festival del Pulque y la Cerveza"},"content":{"rendered":"<h4>El Festival del Pulque y la Cerveza es un evento muy esperado por los fan\u00e1ticos de estas bebidas t\u00edpicas<\/h4>\n<p>El Festival del Pulque y la Cerveza es un evento centrado en bebidas.<\/p>\n<p>Tambi\u00e9n en comida proveniente de M\u00e9xico que se ofrecer\u00e1n en diferentes presentaciones de distintos estados del pa\u00eds.<\/p>\n<p>Si deseas asistir y ser parte de la experiencia, te compartimos toda la informaci\u00f3n del tianguis en CDMX que llegar\u00e1 dentro de unas semanas.<\/p>\n<p>\u00bfD\u00f3nde se realizar\u00e1 el evento del Festival del Pulque y la Cerveza?<\/p>\n<p>Disfruta del evento gastron\u00f3mico del Festival del Pulque y la Cerveza<\/p>\n<h4>Festival del Pulque y la Cerveza<\/h4>\n<p>El evento del Festival del Pulque y la Cerveza ha anunciado su llegada en unas semanas.<\/p>\n<p>Esto siendo un tianguis el cual tendr\u00e1 como principal dos bebidas tradicionales mexicanas que a la mayor\u00eda les gusta.<\/p>\n<p>El festival se realizar\u00e1 en el Centro de Convenciones y Exposiciones Tlatelolco en Cuauht\u00e9moc, justo en la CDMX.<\/p>\n<p>Para llegar al lugar donde se llevar\u00e1 a cabo, deber\u00e1s dirigirte a la Calle Manuel Gonzales 71 en San Sim\u00f3n Tolnahuac.<\/p>\n<p>\u00bfQu\u00e9 hacer en el evento del Festival del Pulque y la Cerveza?<\/p>\n<p>Disfruta del evento gastron\u00f3mico del Festival del Pulque y la Cerveza<\/p>\n<h4>Festival del Pulque y la Cerveza<\/h4>\n<p>En el evento del Festival del Pulque y la Cerveza se podr\u00e1n recorrer los pasillos donde se encontrar\u00e1n varios puestos.<\/p>\n<p>As\u00ed como\u00a0de diferentes regiones de la rep\u00fablica, que ofrecer\u00e1n las bebidas.<\/p>\n<p>Adem\u00e1s de las dos ya mencionadas, tendr\u00e1s la oportunidad de probar tambi\u00e9n mezcal, vino.<\/p>\n<p>As\u00ed como de\u00a0una que otra michelada en diferentes presentaciones y otros licores.<\/p>\n<p>Pero si cre\u00edas que solo probar\u00edas bebidas, debes saber que la comida mexicana tambi\u00e9n se encontrar\u00e1 presente.<\/p>\n<p>Al igual que\u00a0como un acompa\u00f1ante ideal. Y si buscas algo dulce al final, busca los puestos de mermeladas hechas con procesos 100% artesanales.<\/p>\n<p>Fechas del evento del Festival del Pulque y la Cerveza<\/p>\n<p>Disfruta del evento gastron\u00f3mico del Festival del Pulque y la Cerveza<\/p>\n<h4>Festival del Pulque y la Cerveza<\/h4>\n<p>El evento del Festival del Pulque y la Cerveza ya cuenta con fecha oficial.<\/p>\n<p>Adem\u00e1s de estar\u00a0compartida con anticipaci\u00f3n para que todos los interesados puedan organizarse y asistir al enorme tianguis.<\/p>\n<p>Ser\u00e1n un total de dos d\u00edas, siendo el 6 y 7 de mayo, por lo que a\u00fan tienes tiempo de planear tu asistencia.<\/p>\n","protected":false},"excerpt":{"rendered":"<p>El Festival del Pulque y la Cerveza es un evento muy esperado por los fan\u00e1ticos de estas bebidas t\u00edpicas El Festival del Pulque y la Cerveza es un evento centrado en bebidas. Tambi\u00e9n en comida proveniente de M\u00e9xico que se ofrecer\u00e1n en diferentes presentaciones de distintos estados del pa\u00eds. Si deseas asistir y ser parte [&hellip;]<\/p>\n","protected":false},"author":1,"featured_media":14534,"comment_status":"open","ping_status":"closed","sticky":false,"template":"","format":"standard","meta":{"footnotes":""},"categories":[2],"tags":[],"class_list":["post-14532","post","type-post","status-publish","format-standard","has-post-thumbnail","hentry","category-cultural"],"_links":{"self":[{"href":"https:\/\/podernacional.com\/index.php?rest_route=\/wp\/v2\/posts\/14532","targetHints":{"allow":["GET"]}}],"collection":[{"href":"https:\/\/podernacional.com\/index.php?rest_route=\/wp\/v2\/posts"}],"about":[{"href":"https:\/\/podernacional.com\/index.php?rest_route=\/wp\/v2\/types\/post"}],"author":[{"embeddable":true,"href":"https:\/\/podernacional.com\/index.php?rest_route=\/wp\/v2\/users\/1"}],"replies":[{"embeddable":true,"href":"https:\/\/podernacional.com\/index.php?rest_route=%2Fwp%2Fv2%2Fcomments&post=14532"}],"version-history":[{"count":1,"href":"https:\/\/podernacional.com\/index.php?rest_route=\/wp\/v2\/posts\/14532\/revisions"}],"predecessor-version":[{"id":14533,"href":"https:\/\/podernacional.com\/index.php?rest_route=\/wp\/v2\/posts\/14532\/revisions\/14533"}],"wp:featuredmedia":[{"embeddable":true,"href":"https:\/\/podernacional.com\/index.php?rest_route=\/wp\/v2\/media\/14534"}],"wp:attachment":[{"href":"https:\/\/podernacional.com\/index.php?rest_route=%2Fwp%2Fv2%2Fmedia&parent=14532"}],"wp:term":[{"taxonomy":"category","embeddable":true,"href":"https:\/\/podernacional.com\/index.php?rest_route=%2Fwp%2Fv2%2Fcategories&post=14532"},{"taxonomy":"post_tag","embeddable":true,"href":"https:\/\/podernacional.com\/index.php?rest_route=%2Fwp%2Fv2%2Ftags&post=14532"}],"curies":[{"name":"wp","href":"https:\/\/api.w.org\/{rel}","templated":true}]}}