{"id":14535,"date":"2023-04-07T19:06:31","date_gmt":"2023-04-08T00:06:31","guid":{"rendered":"https:\/\/podernacional.com\/?p=14535"},"modified":"2023-04-08T00:06:32","modified_gmt":"2023-04-08T00:06:32","slug":"invita-claudia-sheinbaum-a-divertirse-este-fin-de-semana-en-quotanimalistica-festival-del-bosquequot-en-chapultepec","status":"publish","type":"post","link":"https:\/\/podernacional.com\/?p=14535","title":{"rendered":"Invita Claudia Sheinbaum a divertirse este fin de semana en &amp;quot;Animal\u00edstica: Festival del Bosque&amp;quot; en Chapultepec"},"content":{"rendered":"<h4>La secretaria del Medio Ambiente, Marina Robles Garc\u00eda, detall\u00f3 que:<\/h4>\n<p>\u00abAnimal\u00edstica: Festival del Bosque\u00bb forma parte de los festejos de la celebraci\u00f3n de los 100 a\u00f1os del Zool\u00f3gico de Chapultepec \u00abAlfonso L. Herrera\u00bb<\/p>\n<ul>\n<li>La Jefa de Gobierno afirm\u00f3 que los ejemplares que habitan en los zool\u00f3gicos capitalinos son atendidos de manera integral.<\/li>\n<\/ul>\n<p>As\u00ed como\u00a0con alimentaci\u00f3n especializada y revisiones peri\u00f3dicas de salu<\/p>\n<p>La Jefa de Gobierno, Claudia Sheinbaum Pardo, inaugur\u00f3 \u201cAnimal\u00edstica: Festival del Bosque\u201d, que del 6 al 9 de abril.<\/p>\n<p>El cual\u00a0ofrecer\u00e1 a familias capitalinas, visitantes nacionales y extranjeros, m\u00e1s de 120 actividades gratuitas.<\/p>\n<p>Esto entre las que destaca la exhibici\u00f3n de siete mega animales, como la figura de 9 metros de altura alusiva a la panda Xin Xin.<\/p>\n<p>Adem\u00e1s de\u00a0que recibe a los visitantes en la Puerta de los Leones, adem\u00e1s de un cocodrilo, un lobo mexicano, un \u00e1guila real, entre otros.<\/p>\n<p>\u00abEstamos aqu\u00ed para abrir las puertas del Bosque de Chapultepec, a esta grand\u00edsima exposici\u00f3n, juegos\u201d.<\/p>\n<p>\u201cAs\u00ed como de\u00a0actividades culturales para todos aquellos que nos visitan en esta Semana Santa o todos aquellos que vivimos en la ciudad\u201d.<\/p>\n<h4>\u201cLugar en\u00a0que nos quedaremos en la ciudad, que tengamos un lugar para divertirnos\u201d.<\/h4>\n<p>\u201cAdem\u00e1s de\u00a0conocer sobre los animales y al mismo tiempo tener esta gran diversi\u00f3n\u00bb, resalt\u00f3.<\/p>\n<p>La mandataria capitalina invit\u00f3 tambi\u00e9n al \u201cPicnic Nocturno\u201d, que se realiza hasta el 8 de abril.<\/p>\n<p>As\u00ed como\u00a0en el Jard\u00edn Bot\u00e1nico ubicado en la Primera Secci\u00f3n del Bosque de Chapultepec, en un horario de 20:00 a 22:30 horas.<\/p>\n<p>Realiz\u00f3 un recorrido de la Puerta de los Leones al Altar a la Patria, en donde observ\u00f3 la exposici\u00f3n \u201cTotocalli, la casa de los animales\u201d.<\/p>\n<p>As\u00ed como un performance y record\u00f3 a la ciudadan\u00eda, los nuevos recintos culturales que podr\u00e1 disfrutar en el Bosque de Chapultepec.<\/p>\n<p>\u00abQueremos que entre todos y todas disfrutemos este maravilloso Bosque de Chapultepec.<\/p>\n<p>Adem\u00e1s de\u00a0ahora con el recurso que nos ha dado el Presidente de la Rep\u00fablica, se est\u00e1 haciendo much\u00edsima obra y nuevas \u00e1reas culturales.<\/p>\n<p>Tambi\u00e9n de naturaleza en la Primera, la Segunda, la Tercera y ya saben que muy pronto tendremos la Cuarta Secci\u00f3n del Bosque de Chapultepec.<\/p>\n<p>Ya de\u00a0ah\u00ed se est\u00e1 haciendo una Cineteca, se est\u00e1 haciendo una Bodega Nacional\u00bb, inform\u00f3.<\/p>\n<h4>Entre otros atractivos tambi\u00e9n se encuentran las exposiciones, \u201cTotocalli, im\u00e1genes para la conservaci\u00f3n\u201d.<\/h4>\n<p>Adem\u00e1s de \u201c100 a\u00f1os haciendo historia\u201d; cuyo objetivo es concientizar sobre el papel de los zool\u00f3gicos en la conservaci\u00f3n de las especies.<\/p>\n<p>As\u00ed como\u00a0al representar un refugio para la vida silvestre y un resguardo de aquellas que est\u00e1n en peligro de extinci\u00f3n.<\/p>\n<p>En este sentido, la Jefa de Gobierno afirm\u00f3 que los ejemplares que habitan en los zool\u00f3gicos capitalinos.<\/p>\n<p>Adem\u00e1s de que\u00a0son atendidos de manera integral, con alimentaci\u00f3n especializada y revisiones peri\u00f3dicas de salud.<\/p>\n<p>&nbsp;<\/p>\n","protected":false},"excerpt":{"rendered":"<p>La secretaria del Medio Ambiente, Marina Robles Garc\u00eda, detall\u00f3 que: \u00abAnimal\u00edstica: Festival del Bosque\u00bb forma parte de los festejos de la celebraci\u00f3n de los 100 a\u00f1os del Zool\u00f3gico de Chapultepec \u00abAlfonso L. Herrera\u00bb La Jefa de Gobierno afirm\u00f3 que los ejemplares que habitan en los zool\u00f3gicos capitalinos son atendidos de manera integral. As\u00ed como\u00a0con alimentaci\u00f3n [&hellip;]<\/p>\n","protected":false},"author":1,"featured_media":14537,"comment_status":"open","ping_status":"closed","sticky":false,"template":"","format":"standard","meta":{"footnotes":""},"categories":[2],"tags":[],"class_list":["post-14535","post","type-post","status-publish","format-standard","has-post-thumbnail","hentry","category-cultural"],"_links":{"self":[{"href":"https:\/\/podernacional.com\/index.php?rest_route=\/wp\/v2\/posts\/14535","targetHints":{"allow":["GET"]}}],"collection":[{"href":"https:\/\/podernacional.com\/index.php?rest_route=\/wp\/v2\/posts"}],"about":[{"href":"https:\/\/podernacional.com\/index.php?rest_route=\/wp\/v2\/types\/post"}],"author":[{"embeddable":true,"href":"https:\/\/podernacional.com\/index.php?rest_route=\/wp\/v2\/users\/1"}],"replies":[{"embeddable":true,"href":"https:\/\/podernacional.com\/index.php?rest_route=%2Fwp%2Fv2%2Fcomments&post=14535"}],"version-history":[{"count":1,"href":"https:\/\/podernacional.com\/index.php?rest_route=\/wp\/v2\/posts\/14535\/revisions"}],"predecessor-version":[{"id":14536,"href":"https:\/\/podernacional.com\/index.php?rest_route=\/wp\/v2\/posts\/14535\/revisions\/14536"}],"wp:featuredmedia":[{"embeddable":true,"href":"https:\/\/podernacional.com\/index.php?rest_route=\/wp\/v2\/media\/14537"}],"wp:attachment":[{"href":"https:\/\/podernacional.com\/index.php?rest_route=%2Fwp%2Fv2%2Fmedia&parent=14535"}],"wp:term":[{"taxonomy":"category","embeddable":true,"href":"https:\/\/podernacional.com\/index.php?rest_route=%2Fwp%2Fv2%2Fcategories&post=14535"},{"taxonomy":"post_tag","embeddable":true,"href":"https:\/\/podernacional.com\/index.php?rest_route=%2Fwp%2Fv2%2Ftags&post=14535"}],"curies":[{"name":"wp","href":"https:\/\/api.w.org\/{rel}","templated":true}]}}