{"id":14544,"date":"2023-04-07T19:11:09","date_gmt":"2023-04-08T00:11:09","guid":{"rendered":"https:\/\/podernacional.com\/?p=14544"},"modified":"2023-04-08T00:11:10","modified_gmt":"2023-04-08T00:11:10","slug":"quintana-roo-se-ubica-en-el-primer-lugar-del-medallero-del-macro-regional","status":"publish","type":"post","link":"https:\/\/podernacional.com\/?p=14544","title":{"rendered":"Quintana Roo Se Ubica En El Primer Lugar Del Medallero Del Macro Regional"},"content":{"rendered":"<h4>11 pesistas m\u00e1s aseguraron su boleto, durante la segunda jornada de la eliminatoria de levantamiento de pesas, que se realiza en Canc\u00fan<\/h4>\n<p>Las y los deportistas quintanarroenses siguen cosechando boletos para los Nacionales CONADE 2023.<\/p>\n<p>Adem\u00e1s de\u00a0que durante la segunda jornada del Macro Regional de levantamiento de pesas.<\/p>\n<p>As\u00ed como de\u00a0la delegaci\u00f3n sum\u00f3 11 clasificados m\u00e1s en acciones que se celebran en el Poliforum \u201cBenito Ju\u00e1rez\u201d de Canc\u00fan.<\/p>\n<p>Hasta el momento, la delegaci\u00f3n quintanarroense aparece en el primer lugar del Macro Regional\u201d.<\/p>\n<p>\u201cAdem\u00e1s, ya que tiene 21 elementos instalados en los Nacionales CONADE 2023.<\/p>\n<p>\u201cEsto\u00a0en la clasificaci\u00f3n le sigue Veracruz con 12 campeones y en el tercer puesto aparece Yucat\u00e1n con 10 monarcas.<\/p>\n<h4>Los que alcanzaron la gloria y se alzaron como campeones Macro Regionales fueron:<\/h4>\n<p>Jesus Xool Pech, Maximiliano Reyes Palacio, Jorge Casanova Arias, Herseleid Carrazco Cetz, Alexis Ku Castro, Olaf Flores Mendoza y Luis Gonz\u00e1lez Uc, en rama varonil.<\/p>\n<p>Mientras que en la rama femenil, las que se \u201cti\u00f1eron\u201d de oro y \u201camarraron\u201d su boleto al nacional fueron las quintanarroenses Mar\u00eda Maza Pinto.<\/p>\n<p>Adem\u00e1s de\u00a0Odeth Varguez Soberanis, Camila Mart\u00ednez Del Valle y Mari Bolio Canto.<\/p>\n<p>Con esto, Quintana Roo lleg\u00f3 momentaneamente a un total de 21 clasificados a la \u00faltima fase de la justa m\u00e1xima nacional.<\/p>\n<p>As\u00ed como estar\u00a0faltando la \u00faltima jornada donde podr\u00edan sumar m\u00e1s campeones.<\/p>\n","protected":false},"excerpt":{"rendered":"<p>11 pesistas m\u00e1s aseguraron su boleto, durante la segunda jornada de la eliminatoria de levantamiento de pesas, que se realiza en Canc\u00fan Las y los deportistas quintanarroenses siguen cosechando boletos para los Nacionales CONADE 2023. Adem\u00e1s de\u00a0que durante la segunda jornada del Macro Regional de levantamiento de pesas. As\u00ed como de\u00a0la delegaci\u00f3n sum\u00f3 11 clasificados [&hellip;]<\/p>\n","protected":false},"author":1,"featured_media":14546,"comment_status":"open","ping_status":"closed","sticky":false,"template":"","format":"standard","meta":{"footnotes":""},"categories":[10],"tags":[],"class_list":["post-14544","post","type-post","status-publish","format-standard","has-post-thumbnail","hentry","category-quintana-roo"],"_links":{"self":[{"href":"https:\/\/podernacional.com\/index.php?rest_route=\/wp\/v2\/posts\/14544","targetHints":{"allow":["GET"]}}],"collection":[{"href":"https:\/\/podernacional.com\/index.php?rest_route=\/wp\/v2\/posts"}],"about":[{"href":"https:\/\/podernacional.com\/index.php?rest_route=\/wp\/v2\/types\/post"}],"author":[{"embeddable":true,"href":"https:\/\/podernacional.com\/index.php?rest_route=\/wp\/v2\/users\/1"}],"replies":[{"embeddable":true,"href":"https:\/\/podernacional.com\/index.php?rest_route=%2Fwp%2Fv2%2Fcomments&post=14544"}],"version-history":[{"count":1,"href":"https:\/\/podernacional.com\/index.php?rest_route=\/wp\/v2\/posts\/14544\/revisions"}],"predecessor-version":[{"id":14545,"href":"https:\/\/podernacional.com\/index.php?rest_route=\/wp\/v2\/posts\/14544\/revisions\/14545"}],"wp:featuredmedia":[{"embeddable":true,"href":"https:\/\/podernacional.com\/index.php?rest_route=\/wp\/v2\/media\/14546"}],"wp:attachment":[{"href":"https:\/\/podernacional.com\/index.php?rest_route=%2Fwp%2Fv2%2Fmedia&parent=14544"}],"wp:term":[{"taxonomy":"category","embeddable":true,"href":"https:\/\/podernacional.com\/index.php?rest_route=%2Fwp%2Fv2%2Fcategories&post=14544"},{"taxonomy":"post_tag","embeddable":true,"href":"https:\/\/podernacional.com\/index.php?rest_route=%2Fwp%2Fv2%2Ftags&post=14544"}],"curies":[{"name":"wp","href":"https:\/\/api.w.org\/{rel}","templated":true}]}}