{"id":14547,"date":"2023-04-07T19:12:34","date_gmt":"2023-04-08T00:12:34","guid":{"rendered":"https:\/\/podernacional.com\/?p=14547"},"modified":"2023-04-08T00:12:35","modified_gmt":"2023-04-08T00:12:35","slug":"empresas-de-q-roo-se-niegan-a-invertir-por-temor-a-recesion","status":"publish","type":"post","link":"https:\/\/podernacional.com\/?p=14547","title":{"rendered":"Empresas de Q. Roo se niegan a invertir por temor a recesi\u00f3n"},"content":{"rendered":"<h4>La pandemia del Covid-19 del 2020 provoc\u00f3 el cierre de 2 de cada 10 negocios.<\/h4>\n<p>La mayor\u00eda de las micro, peque\u00f1as y medianas empresas se niega a invertir en su modernizaci\u00f3n o expansi\u00f3n.<\/p>\n<p>Por ende, a pesar de que el sector registra un mayor dinamismo de crecimiento que en el periodo previo de la pandemia.<\/p>\n<p>De acuerdo al especialista en econom\u00eda, Wilberth Estrada Pe\u00f1a.<\/p>\n<p>Ya que\u00a0esto se debe a que temen a una posible recesi\u00f3n similar a la provocada por la pandemia del Covid-19 del 2020.<\/p>\n<p>La cual provoc\u00f3 el cierre de 2 de cada 10 de este tipo de negocios en el Caribe Mexicano.<\/p>\n<p>Los an\u00e1lisis que realiz\u00f3 la Confederaci\u00f3n Patronal de la Rep\u00fablica Mexicana y que se dieron a conocer recientemente.<\/p>\n<p>As\u00ed como que\u00a0revelan que solo el 46.7% de las Mipymes considera que este a\u00f1o es un buen momento para invertir.<\/p>\n<p>A\u00a0pesar de los n\u00fameros favorables que revelan una franca recuperaci\u00f3n de la econom\u00eda quintanarroense.<\/p>\n<h4>Se\u00f1al\u00f3 que antes del 2020, este porcentaje se ubicaba en un 57% de promedio anual.<\/h4>\n<p>\u201c\u00bfPor qu\u00e9 si a los negocios les va tan bien, que hasta han mejorado sus ventas en casi un 23% con respecto al \u00faltimo a\u00f1o.<\/p>\n<p>Est\u00e1n tan reacios a ampliar el n\u00famero de empleados, sucursales, productos, o mejorar sus cadenas de producci\u00f3n?\u201d.<\/p>\n<p>Adem\u00e1s de que cuestiona Wilberth, respondiendo que se debe al miedo a no poder costear estos gastos en caso de una nueva crisis.<\/p>\n<p>Cita que a ra\u00edz de la pandemia, ocho de cada 10 negocios en Quintana Roo tuvieron que recurrir al cr\u00e9dito.<\/p>\n<p>Esto\u00a0para poder soportar la par\u00e1lisis de la actividad tur\u00edstica. La mayor\u00eda a\u00fan est\u00e1 arrastrando estos compromisos financieros.<\/p>\n<p>Por tanto, entre ellos se encuentra la percepci\u00f3n de que un panorama adverso podr\u00eda significar el cierre de su empresa.<\/p>\n<p>\u201cEl problema con los bancos estadounidenses y europeos augura una crisis crediticia pronto. En este panorama nadie quiere arriesgar m\u00e1s de la cuenta.<\/p>\n<p>La consecuencia es que las empresas se estanquen. En lo general, esto representa menos empleos generados.<\/p>\n<p>Adem\u00e1s de que es\u00a0menor derrama econ\u00f3mica, menor circulante al esperado, pero es preferible esto a una crisis como la del 2020-2021&#8243;, sentenci\u00f3.<\/p>\n","protected":false},"excerpt":{"rendered":"<p>La pandemia del Covid-19 del 2020 provoc\u00f3 el cierre de 2 de cada 10 negocios. La mayor\u00eda de las micro, peque\u00f1as y medianas empresas se niega a invertir en su modernizaci\u00f3n o expansi\u00f3n. Por ende, a pesar de que el sector registra un mayor dinamismo de crecimiento que en el periodo previo de la pandemia. [&hellip;]<\/p>\n","protected":false},"author":1,"featured_media":14549,"comment_status":"open","ping_status":"closed","sticky":false,"template":"","format":"standard","meta":{"footnotes":""},"categories":[10],"tags":[],"class_list":["post-14547","post","type-post","status-publish","format-standard","has-post-thumbnail","hentry","category-quintana-roo"],"_links":{"self":[{"href":"https:\/\/podernacional.com\/index.php?rest_route=\/wp\/v2\/posts\/14547","targetHints":{"allow":["GET"]}}],"collection":[{"href":"https:\/\/podernacional.com\/index.php?rest_route=\/wp\/v2\/posts"}],"about":[{"href":"https:\/\/podernacional.com\/index.php?rest_route=\/wp\/v2\/types\/post"}],"author":[{"embeddable":true,"href":"https:\/\/podernacional.com\/index.php?rest_route=\/wp\/v2\/users\/1"}],"replies":[{"embeddable":true,"href":"https:\/\/podernacional.com\/index.php?rest_route=%2Fwp%2Fv2%2Fcomments&post=14547"}],"version-history":[{"count":1,"href":"https:\/\/podernacional.com\/index.php?rest_route=\/wp\/v2\/posts\/14547\/revisions"}],"predecessor-version":[{"id":14548,"href":"https:\/\/podernacional.com\/index.php?rest_route=\/wp\/v2\/posts\/14547\/revisions\/14548"}],"wp:featuredmedia":[{"embeddable":true,"href":"https:\/\/podernacional.com\/index.php?rest_route=\/wp\/v2\/media\/14549"}],"wp:attachment":[{"href":"https:\/\/podernacional.com\/index.php?rest_route=%2Fwp%2Fv2%2Fmedia&parent=14547"}],"wp:term":[{"taxonomy":"category","embeddable":true,"href":"https:\/\/podernacional.com\/index.php?rest_route=%2Fwp%2Fv2%2Fcategories&post=14547"},{"taxonomy":"post_tag","embeddable":true,"href":"https:\/\/podernacional.com\/index.php?rest_route=%2Fwp%2Fv2%2Ftags&post=14547"}],"curies":[{"name":"wp","href":"https:\/\/api.w.org\/{rel}","templated":true}]}}