{"id":14635,"date":"2023-04-10T19:45:06","date_gmt":"2023-04-11T00:45:06","guid":{"rendered":"https:\/\/podernacional.com\/?p=14635"},"modified":"2023-04-11T00:45:07","modified_gmt":"2023-04-11T00:45:07","slug":"presentan-festival-internacional-de-la-paella-rogelio-amp-alfonso-2023","status":"publish","type":"post","link":"https:\/\/podernacional.com\/?p=14635","title":{"rendered":"Presentan Festival Internacional de la Paella Rogelio &amp;amp; Alfonso 2023"},"content":{"rendered":"<h4>Guadalupe Pueblo M\u00e1gico ser\u00e1 sede de este importante evento gastron\u00f3mico, los d\u00edas 22 y 23 de abril<\/h4>\n<p>Esperan la afluencia de m\u00e1s de 5 mil personas durante los dos d\u00edas del festival<\/p>\n<p>Guadalupe Pueblo M\u00e1gico ser\u00e1 sede del Festival Internacional de Paella Rogelio &amp; Alfonso, los d\u00edas 22 y 23 de abril.<\/p>\n<p>As\u00ed como, en el que se espera una afluencia de m\u00e1s de 5 mil personas.<\/p>\n<p>Ante medios de comunicaci\u00f3n, Le Roy Barrag\u00e1n Ocampo, secretario de Turismo, destac\u00f3 el trabajo coordinado entre el Gobierno de Zacatecas.<\/p>\n<p>Adem\u00e1s de que encabezado por el mandatario David Monreal \u00c1vila, y el Ayuntamiento de Guadalupe.<\/p>\n<p>As\u00ed como del que dirige el Alcalde Julio C\u00e9sar Ch\u00e1vez Padilla, para el desarrollo de proyectos tur\u00edsticos.<\/p>\n<p>Lo anterior, con la finalidad de potencializar la vocaci\u00f3n tur\u00edstica de este Pueblo M\u00e1gico y los talentos que radican en este municipio.<\/p>\n<p>Adem\u00e1d que tal es el caso de Rogelio y Alfonso, chefs de profesi\u00f3n y ahora campeones mundiales de paella en Valencia 2022.<\/p>\n<h4>Las autoridades detallaron que los pr\u00f3ximos 22 y 23 de abril, del presente a\u00f1o.<\/h4>\n<p>Adem\u00e1s en el jard\u00edn Ju\u00e1rez de la cabecera municipal de Guadalupe Pueblo M\u00e1gico, a partir de las 12:00 horas.<\/p>\n<p>Con esto se contar\u00e1 con nueve expositores de paella, seis locales y tres internacionales, as\u00ed como otros tres de mezcal, vino y bebidas.<\/p>\n<p>Se espera una asistencia de m\u00e1s de 5 mil personas, durante los dos d\u00edas del festival, quienes disfrutar\u00e1n de los grupos musicales:<\/p>\n<p>F\u00f3nica, Po\u00e9tica Solar, Don Pist\u00f3n, Ensamble Zacatecas y la Internacional Banda de M\u00fasica del Municipio de Guadalupe.<\/p>\n<p>El funcionario puntualiz\u00f3 que el evento contar\u00e1 con un espacio para que las familias puedan disfrutar de los platillos que se ofertar\u00e1n.<\/p>\n<p>Adem\u00e1s de que se trata de 120 mesas de uso com\u00fan para los comensales.<\/p>\n<p>Por su parte, Julio C\u00e9sar Ch\u00e1vez Padilla, alcalde de Guadalupe, destac\u00f3 que este festival internacional de la paella.<\/p>\n<p>El cual es una de las tantas acciones que se tienen programadas en el municipio para la consolidaci\u00f3n de la actividad tur\u00edstica.<\/p>\n<p>En la presentaci\u00f3n del festival estuvieron: la Subsecretaria de Desarrollo Artesanal de la Secretar\u00eda de Econom\u00eda, Ximena Reyes Mug\u00fcerza.<\/p>\n<p>As\u00ed como de los ganadores del concurso internacional de paella Valencia 2022, Alfonso Ovalle y Rogelio Casta\u00f1eda.<\/p>\n<p>Adem\u00e1s de la Presidenta de la C\u00e1mara Nacional de la Industria de Restaurantes y Alimentos Condimentados (CANIRAC) Zacatecas.<\/p>\n<p>As\u00ed como de Esthela C\u00e1rdenas Vargas; y el representante de la empresa Vinos Tierra Adentro, Hugo Huerta.<\/p>\n","protected":false},"excerpt":{"rendered":"<p>Guadalupe Pueblo M\u00e1gico ser\u00e1 sede de este importante evento gastron\u00f3mico, los d\u00edas 22 y 23 de abril Esperan la afluencia de m\u00e1s de 5 mil personas durante los dos d\u00edas del festival Guadalupe Pueblo M\u00e1gico ser\u00e1 sede del Festival Internacional de Paella Rogelio &amp; Alfonso, los d\u00edas 22 y 23 de abril. As\u00ed como, en [&hellip;]<\/p>\n","protected":false},"author":1,"featured_media":14637,"comment_status":"open","ping_status":"closed","sticky":false,"template":"","format":"standard","meta":{"footnotes":""},"categories":[2],"tags":[],"class_list":["post-14635","post","type-post","status-publish","format-standard","has-post-thumbnail","hentry","category-cultural"],"_links":{"self":[{"href":"https:\/\/podernacional.com\/index.php?rest_route=\/wp\/v2\/posts\/14635","targetHints":{"allow":["GET"]}}],"collection":[{"href":"https:\/\/podernacional.com\/index.php?rest_route=\/wp\/v2\/posts"}],"about":[{"href":"https:\/\/podernacional.com\/index.php?rest_route=\/wp\/v2\/types\/post"}],"author":[{"embeddable":true,"href":"https:\/\/podernacional.com\/index.php?rest_route=\/wp\/v2\/users\/1"}],"replies":[{"embeddable":true,"href":"https:\/\/podernacional.com\/index.php?rest_route=%2Fwp%2Fv2%2Fcomments&post=14635"}],"version-history":[{"count":1,"href":"https:\/\/podernacional.com\/index.php?rest_route=\/wp\/v2\/posts\/14635\/revisions"}],"predecessor-version":[{"id":14636,"href":"https:\/\/podernacional.com\/index.php?rest_route=\/wp\/v2\/posts\/14635\/revisions\/14636"}],"wp:featuredmedia":[{"embeddable":true,"href":"https:\/\/podernacional.com\/index.php?rest_route=\/wp\/v2\/media\/14637"}],"wp:attachment":[{"href":"https:\/\/podernacional.com\/index.php?rest_route=%2Fwp%2Fv2%2Fmedia&parent=14635"}],"wp:term":[{"taxonomy":"category","embeddable":true,"href":"https:\/\/podernacional.com\/index.php?rest_route=%2Fwp%2Fv2%2Fcategories&post=14635"},{"taxonomy":"post_tag","embeddable":true,"href":"https:\/\/podernacional.com\/index.php?rest_route=%2Fwp%2Fv2%2Ftags&post=14635"}],"curies":[{"name":"wp","href":"https:\/\/api.w.org\/{rel}","templated":true}]}}