{"id":14641,"date":"2023-04-10T19:49:02","date_gmt":"2023-04-11T00:49:02","guid":{"rendered":"https:\/\/podernacional.com\/?p=14641"},"modified":"2023-04-11T00:49:03","modified_gmt":"2023-04-11T00:49:03","slug":"celebran-en-bahia-de-banderas-tradicional-festival-del-ostion","status":"publish","type":"post","link":"https:\/\/podernacional.com\/?p=14641","title":{"rendered":"Celebran en Bah\u00eda de Banderas tradicional Festival del Osti\u00f3n"},"content":{"rendered":"<h4>Celebran en Nayarit tradicional festival del osti\u00f3n.<\/h4>\n<p>Bahia de Banderas, Nayarit. En medio de una fiesta encabezada por la Sonora Dinamita y distintos grupos de rock.<\/p>\n<p>Adem\u00e1s de que\u00a0se lleva a cabo desde este s\u00e1bado y hoy domingo el Festival Nacional del Osti\u00f3n en la playa de Bucer\u00edas.<\/p>\n<p>Este domingo se regalaron por cooperativistas de buzos un total de 550 kilos de ceviche.<\/p>\n<p>As\u00ed como de\u00a09 mil ostiones personas que asistieron a este festival celebrado en plena playa, que ha lucido atestada de ba\u00f1istas.<\/p>\n<h4>Adem\u00e1s de turistas provenientes principalmente de la la zona del baj\u00edo y la Ciudad de Mexico.<\/h4>\n<p>Para este Festival los buzos se preparan desde meses antes tanto para la recolecci\u00f3n del osti\u00f3n como para la preparaci\u00f3n del evento.<\/p>\n<p>Durante la tarde del s\u00e1bado tocaron los grupos musicales la Cicl\u00f3nica Sonora Dinamita como Lilly Domp, Mexi-Cuba, Los Loros.<\/p>\n<p>As\u00ed como de\u00a0N\u00edtido Salsa, Richie Cueto, The Invaders, Three Circus, Gerardo Pi\u00f1a y Rapmos y Dj Shochk.<\/p>\n<p>Ambos d\u00edas han lucido atestada esta playa, una de las mas populares de Bahia de Banderas.<\/p>\n<p>Asi como la de Nuevo Nayarit y la Playa La Manzanilla.<\/p>\n<p>Esto\u00a0en la Cruz de Huanacaxtle. Hasta la tarde de este domingo prevalec\u00eda saldo blanco en la ciudad.<\/p>\n","protected":false},"excerpt":{"rendered":"<p>Celebran en Nayarit tradicional festival del osti\u00f3n. Bahia de Banderas, Nayarit. En medio de una fiesta encabezada por la Sonora Dinamita y distintos grupos de rock. Adem\u00e1s de que\u00a0se lleva a cabo desde este s\u00e1bado y hoy domingo el Festival Nacional del Osti\u00f3n en la playa de Bucer\u00edas. Este domingo se regalaron por cooperativistas de [&hellip;]<\/p>\n","protected":false},"author":1,"featured_media":14643,"comment_status":"open","ping_status":"closed","sticky":false,"template":"","format":"standard","meta":{"footnotes":""},"categories":[2],"tags":[],"class_list":["post-14641","post","type-post","status-publish","format-standard","has-post-thumbnail","hentry","category-cultural"],"_links":{"self":[{"href":"https:\/\/podernacional.com\/index.php?rest_route=\/wp\/v2\/posts\/14641","targetHints":{"allow":["GET"]}}],"collection":[{"href":"https:\/\/podernacional.com\/index.php?rest_route=\/wp\/v2\/posts"}],"about":[{"href":"https:\/\/podernacional.com\/index.php?rest_route=\/wp\/v2\/types\/post"}],"author":[{"embeddable":true,"href":"https:\/\/podernacional.com\/index.php?rest_route=\/wp\/v2\/users\/1"}],"replies":[{"embeddable":true,"href":"https:\/\/podernacional.com\/index.php?rest_route=%2Fwp%2Fv2%2Fcomments&post=14641"}],"version-history":[{"count":1,"href":"https:\/\/podernacional.com\/index.php?rest_route=\/wp\/v2\/posts\/14641\/revisions"}],"predecessor-version":[{"id":14642,"href":"https:\/\/podernacional.com\/index.php?rest_route=\/wp\/v2\/posts\/14641\/revisions\/14642"}],"wp:featuredmedia":[{"embeddable":true,"href":"https:\/\/podernacional.com\/index.php?rest_route=\/wp\/v2\/media\/14643"}],"wp:attachment":[{"href":"https:\/\/podernacional.com\/index.php?rest_route=%2Fwp%2Fv2%2Fmedia&parent=14641"}],"wp:term":[{"taxonomy":"category","embeddable":true,"href":"https:\/\/podernacional.com\/index.php?rest_route=%2Fwp%2Fv2%2Fcategories&post=14641"},{"taxonomy":"post_tag","embeddable":true,"href":"https:\/\/podernacional.com\/index.php?rest_route=%2Fwp%2Fv2%2Ftags&post=14641"}],"curies":[{"name":"wp","href":"https:\/\/api.w.org\/{rel}","templated":true}]}}