{"id":14682,"date":"2023-04-11T12:44:05","date_gmt":"2023-04-11T17:44:05","guid":{"rendered":"https:\/\/podernacional.com\/?p=14682"},"modified":"2023-04-11T17:44:07","modified_gmt":"2023-04-11T17:44:07","slug":"sefiplan-instala-subcomites-para-el-desarrollo-de-quintana-roo","status":"publish","type":"post","link":"https:\/\/podernacional.com\/?p=14682","title":{"rendered":"SEFIPLAN instala subcomit\u00e9s para el desarrollo de Quintana Roo"},"content":{"rendered":"<h4>-Se realiz\u00f3 la primera sesi\u00f3n de trabajo del Subcomit\u00e9 Sectorial de Fortalecimiento Hacendario y Administraci\u00f3n Eficiente de los Recursos.<\/h4>\n<p>As\u00ed como del Subcomit\u00e9 Regional para el Desarrollo Municipal<\/p>\n<p>Con acciones efectivas para respaldar el Nuevo Acuerdo por el Bienestar y Desarrollo de Quintana Roo que impulsa la gobernadora.<\/p>\n<p>Por ende, Mara Lezama Espinosa, se instal\u00f3 y se llev\u00f3 a cabo la primera Sesi\u00f3n Ordinaria 2023 del Subcomit\u00e9 Sectorial de Fortalecimiento Hacendario .<\/p>\n<p>As\u00ed como de la Administraci\u00f3n Eficiente de los Recursos.<\/p>\n<p>Durante la reuni\u00f3n que estuvo encabezada por el Subsecretario de Cr\u00e9dito y Finanzas de la Secretar\u00eda de Finanzas y Planeaci\u00f3n (SEFIPLAN).<\/p>\n<p>Por ende\u00a0Paul Andr\u00e9s Polanco Samaniego, se presentaron avances del Programa Sectorial.<\/p>\n<p>El cual es\u00a0instrumento que guiar\u00e1 las pol\u00edticas p\u00fablicas durante la actual administraci\u00f3n.<\/p>\n<p>Asimismo Polanco Samaniego quien funge tambi\u00e9n como Coordinador General en representaci\u00f3n del titular de la SEFIPLAN.<\/p>\n<p>As\u00ed como de Eugenio Segura V\u00e1zquez, instal\u00f3 la Primera Sesi\u00f3n Ordinaria 2023 de los Subcomit\u00e9 Sectorial de Fortalecimiento Hacendario.<\/p>\n<p>Adem\u00e1s de la\u00a0Administraci\u00f3n Eficiente de los Recursos, y por otro lado el Subcomit\u00e9 Regional para el Desarrollo Municipal.<\/p>\n<p>Tambi\u00e9n se llev\u00f3 a cabo la instalaci\u00f3n y primera sesi\u00f3n ordinaria 2023 del Subcomit\u00e9 Regional para el Desarrollo Municipal.<\/p>\n<h4>Lugar en\u00a0donde se trataron temas como la presentaci\u00f3n de los avances en la integraci\u00f3n del Programa Regional para el Desarrollo Insular.<\/h4>\n<p>As\u00ed como \u00a0del Programa Regional para el Desarrollo Metropolitano y el Programa Regional para el Desarrollo de las Zonas Lim\u00edtrofes.<\/p>\n<p>Representante de los municipios de Oth\u00f3n P. Blanco, Isla Mujeres y L\u00e1zaro C\u00e1rdenas participaron exponiendo sus Programas de Inversi\u00f3n Anual (PIA).<\/p>\n<p>Adem\u00e1s de que\u00a0se comparti\u00f3 informaci\u00f3n relativa a la implementaci\u00f3n de la Gu\u00eda Consultiva para el Desempe\u00f1o Municipal del INAFED.<\/p>\n<p>Con esto\u00a0se acord\u00f3 un calendario de sesiones durante el presente a\u00f1o.<\/p>\n<p>C\u00f3mo parte de los participantes acudi\u00f3 en representaci\u00f3n del secretario t\u00e9cnico del COPLADE.<\/p>\n<p>As\u00ed como del Subdelegado Estatal de Programas para el Desarrollo en Quintana Roo de la Secretar\u00eda del Bienestar.<\/p>\n<p>Adem\u00e1s de\u00a0Reinaldo Antonio Blanco Gonz\u00e1lez; y como integrantes los representantes de los once municipios del estado.<\/p>\n<p>Al evento asisti\u00f3 la diputada local, Cristina Alc\u00e9rreca Manzanero, Presidenta de la Comisi\u00f3n de Asuntos Municipales de la XVII Legislatura del Estado.<\/p>\n<p>La subsecretaria de Planeaci\u00f3n de la SEFIPLAN, Enriqueta Odette Ru\u00edz Mart\u00ednez; la secretaria t\u00e9cnica de la Auditor\u00eda Superior del Estado, Pilar Ayala Ram\u00edrez.<\/p>\n","protected":false},"excerpt":{"rendered":"<p>-Se realiz\u00f3 la primera sesi\u00f3n de trabajo del Subcomit\u00e9 Sectorial de Fortalecimiento Hacendario y Administraci\u00f3n Eficiente de los Recursos. As\u00ed como del Subcomit\u00e9 Regional para el Desarrollo Municipal Con acciones efectivas para respaldar el Nuevo Acuerdo por el Bienestar y Desarrollo de Quintana Roo que impulsa la gobernadora. Por ende, Mara Lezama Espinosa, se instal\u00f3 [&hellip;]<\/p>\n","protected":false},"author":1,"featured_media":14684,"comment_status":"open","ping_status":"closed","sticky":false,"template":"","format":"standard","meta":{"footnotes":""},"categories":[10],"tags":[],"class_list":["post-14682","post","type-post","status-publish","format-standard","has-post-thumbnail","hentry","category-quintana-roo"],"_links":{"self":[{"href":"https:\/\/podernacional.com\/index.php?rest_route=\/wp\/v2\/posts\/14682","targetHints":{"allow":["GET"]}}],"collection":[{"href":"https:\/\/podernacional.com\/index.php?rest_route=\/wp\/v2\/posts"}],"about":[{"href":"https:\/\/podernacional.com\/index.php?rest_route=\/wp\/v2\/types\/post"}],"author":[{"embeddable":true,"href":"https:\/\/podernacional.com\/index.php?rest_route=\/wp\/v2\/users\/1"}],"replies":[{"embeddable":true,"href":"https:\/\/podernacional.com\/index.php?rest_route=%2Fwp%2Fv2%2Fcomments&post=14682"}],"version-history":[{"count":1,"href":"https:\/\/podernacional.com\/index.php?rest_route=\/wp\/v2\/posts\/14682\/revisions"}],"predecessor-version":[{"id":14683,"href":"https:\/\/podernacional.com\/index.php?rest_route=\/wp\/v2\/posts\/14682\/revisions\/14683"}],"wp:featuredmedia":[{"embeddable":true,"href":"https:\/\/podernacional.com\/index.php?rest_route=\/wp\/v2\/media\/14684"}],"wp:attachment":[{"href":"https:\/\/podernacional.com\/index.php?rest_route=%2Fwp%2Fv2%2Fmedia&parent=14682"}],"wp:term":[{"taxonomy":"category","embeddable":true,"href":"https:\/\/podernacional.com\/index.php?rest_route=%2Fwp%2Fv2%2Fcategories&post=14682"},{"taxonomy":"post_tag","embeddable":true,"href":"https:\/\/podernacional.com\/index.php?rest_route=%2Fwp%2Fv2%2Ftags&post=14682"}],"curies":[{"name":"wp","href":"https:\/\/api.w.org\/{rel}","templated":true}]}}