{"id":14730,"date":"2023-04-12T17:16:24","date_gmt":"2023-04-12T22:16:24","guid":{"rendered":"https:\/\/podernacional.com\/?p=14730"},"modified":"2023-04-12T22:16:25","modified_gmt":"2023-04-12T22:16:25","slug":"arranca-el-festival-internacional-de-jazz-en-la-cdmx","status":"publish","type":"post","link":"https:\/\/podernacional.com\/?p=14730","title":{"rendered":"Arranca el Festival Internacional de Jazz en la CDMX"},"content":{"rendered":"<h4>Las actividades se llevar\u00e1n a cabo en diferentes sedes y contar\u00e1 con representantes musicales de diferentes partes del pa\u00eds.<\/h4>\n<p>Las actividades completas podr\u00e1n consultarse en las redes oficiales.<\/p>\n<p>Desde el 11 de abril y hasta el 30 se llevar\u00e1 a cabo el Festival Internacional de Jazz en la Ciudad de M\u00e9xico (CDMX).<\/p>\n<p>Lugar en donde adem\u00e1s de tener conciertos, tambi\u00e9n habr\u00e1 talleres, clases magistrales y otras actividades distribuidos en diferentes recintos.<\/p>\n<p>En este festival participar\u00e1n representantes de este g\u00e9nero musical tanto del pa\u00eds como de diferentes partes del mundo como:<\/p>\n<p>Alemania, Austria, Estados Unidos y Espa\u00f1a.<\/p>\n<h4>\u00bfQuienes participar\u00e1n en este festival?<\/h4>\n<p>Entre las agrupaciones que se presentar\u00e1n est\u00e1n Kry Trio, Tobias Meinhart, Berl\u00edn People, Ghostet y Emilio Reyna.<\/p>\n<p>A trav\u00e9s de redes sociales se da a conocer la cartelera de este festival.<\/p>\n<p>Asimismo, NEUMA ofrecer\u00e1 actividades acad\u00e9micas organizadas por la Escuela de Jazz de la CDMX.<\/p>\n<p>As\u00ed como con el objetivo de difundir los conocimientos necesarios para la ejecuci\u00f3n, grabaci\u00f3n, mezcla.<\/p>\n<p>Igualmente como con negocios en la industria de la m\u00fasica, principalmente en el circuito de este g\u00e9nero.<\/p>\n<h4>\u00bfEn d\u00f3nde se llevar\u00e1 a cabo el\u00a0Festival Internacional de Jazz en CDMX?<\/h4>\n<p>Se llevar\u00e1 a cabo en diferentes sedes como el Auditorio de UTOP\u00cdA Santa Cruz Meyehualco, Starbucks Tamaulipas, Biblioteca Benjamin Franklin.<\/p>\n<p>Adem\u00e1s del\u00a0Teatro del Pueblo, Hampton Inn &amp; Suites Mexico City, Radio UNAM, Centro Cultural Ollin Yoliztli y Jazzatl\u00e1n Capital.<\/p>\n<h4>\u00bfQu\u00e9 pas\u00f3 con Manu Chao y por qu\u00e9 dej\u00f3 de presentarse en M\u00e9xico?<\/h4>\n<p>Adem\u00e1s, para los interesados en asistir en este tipo de eventos, se pueden consultar precios, gratuidades y otros eventos.<\/p>\n<p>Adem\u00e1s de que\u00a0se puede consultar en las redes del Festival NEUMA.<\/p>\n","protected":false},"excerpt":{"rendered":"<p>Las actividades se llevar\u00e1n a cabo en diferentes sedes y contar\u00e1 con representantes musicales de diferentes partes del pa\u00eds. Las actividades completas podr\u00e1n consultarse en las redes oficiales. Desde el 11 de abril y hasta el 30 se llevar\u00e1 a cabo el Festival Internacional de Jazz en la Ciudad de M\u00e9xico (CDMX). Lugar en donde [&hellip;]<\/p>\n","protected":false},"author":1,"featured_media":14732,"comment_status":"open","ping_status":"closed","sticky":false,"template":"","format":"standard","meta":{"footnotes":""},"categories":[4],"tags":[],"class_list":["post-14730","post","type-post","status-publish","format-standard","has-post-thumbnail","hentry","category-espectaculos"],"_links":{"self":[{"href":"https:\/\/podernacional.com\/index.php?rest_route=\/wp\/v2\/posts\/14730","targetHints":{"allow":["GET"]}}],"collection":[{"href":"https:\/\/podernacional.com\/index.php?rest_route=\/wp\/v2\/posts"}],"about":[{"href":"https:\/\/podernacional.com\/index.php?rest_route=\/wp\/v2\/types\/post"}],"author":[{"embeddable":true,"href":"https:\/\/podernacional.com\/index.php?rest_route=\/wp\/v2\/users\/1"}],"replies":[{"embeddable":true,"href":"https:\/\/podernacional.com\/index.php?rest_route=%2Fwp%2Fv2%2Fcomments&post=14730"}],"version-history":[{"count":1,"href":"https:\/\/podernacional.com\/index.php?rest_route=\/wp\/v2\/posts\/14730\/revisions"}],"predecessor-version":[{"id":14731,"href":"https:\/\/podernacional.com\/index.php?rest_route=\/wp\/v2\/posts\/14730\/revisions\/14731"}],"wp:featuredmedia":[{"embeddable":true,"href":"https:\/\/podernacional.com\/index.php?rest_route=\/wp\/v2\/media\/14732"}],"wp:attachment":[{"href":"https:\/\/podernacional.com\/index.php?rest_route=%2Fwp%2Fv2%2Fmedia&parent=14730"}],"wp:term":[{"taxonomy":"category","embeddable":true,"href":"https:\/\/podernacional.com\/index.php?rest_route=%2Fwp%2Fv2%2Fcategories&post=14730"},{"taxonomy":"post_tag","embeddable":true,"href":"https:\/\/podernacional.com\/index.php?rest_route=%2Fwp%2Fv2%2Ftags&post=14730"}],"curies":[{"name":"wp","href":"https:\/\/api.w.org\/{rel}","templated":true}]}}