{"id":14739,"date":"2023-04-12T17:24:01","date_gmt":"2023-04-12T22:24:01","guid":{"rendered":"https:\/\/podernacional.com\/?p=14739"},"modified":"2023-04-12T22:24:02","modified_gmt":"2023-04-12T22:24:02","slug":"crecimiento-laboral-supera-expectativas-en-quintana-roo","status":"publish","type":"post","link":"https:\/\/podernacional.com\/?p=14739","title":{"rendered":"Crecimiento laboral supera expectativas en Quintana Roo"},"content":{"rendered":"<h4>Al cierre del primer trimestre de 2023, Quintana Roo destaca como la entidad con el mejor desempe\u00f1o respecto a sus metas de generaci\u00f3n de empleo.<\/h4>\n<p>Al cierre del primer trimestre de 2023, Quintana Roo destaca como la entidad con el mejor desempe\u00f1o respecto a sus metas.<\/p>\n<p>Esto\u00a0de generaci\u00f3n de empleo, seg\u00fan informaci\u00f3n de la organizaci\u00f3n \u201cM\u00e9xico, \u00bfc\u00f3mo vamos\u201d.<\/p>\n<p>En su reporte dio a conocer que la entidad ha superado en 408.59 por ciento las metas que ten\u00eda establecidas.<\/p>\n<p>Esta meta consist\u00eda en haber generado, entre enero y marzo de 2023, un total de 5 mil 250 empleos formales.<\/p>\n<p>Sin embargo, Quintana Roo report\u00f3 la creaci\u00f3n de 21 mil 451 empleos formales, no s\u00f3lo arriba del objetivo.<\/p>\n<p>Adem\u00e1s de que sino que representan 10 por ciento m\u00e1s puestos de trabajo que los registrados en el mismo periodo de 2022.<\/p>\n<p>Tan s\u00f3lo en marzo se report\u00f3 la creaci\u00f3n de 2 mil 998 puestos de trabajo registrados ante el Instituto Mexicano del Seguro Social (IMSS).<\/p>\n<p>Con lo cual tambi\u00e9n representa un aumento sobre las cifras de marzo de 2022, de 300 empleos formales.<\/p>\n<h4>Adem\u00e1s de que en variaci\u00f3n porcentual anual colocan a Quintana Roo en el tercer lugar nacional de marzo.<\/h4>\n<p>En este sentido, Paola Moreno C\u00f3rdova, secretaria de Desarrollo Social y Econ\u00f3mico del municipio de Benito Ju\u00e1rez.<\/p>\n<p>Adem\u00e1s de que destac\u00f3 que en lo que va de este 2023, se han atendido a mil 125 ciudadanos, de los cuales 577 son hombres y 548 mujeres.<\/p>\n<p>A\u00a0trav\u00e9s de las diversas ediciones de la feria de empleo \u201cVen y Empl\u00e9ate Itinerante\u201d.<\/p>\n<p>Adem\u00e1s, destac\u00f3 que mes con mes dan seguimiento a las contrataciones que hace cada empresa para dar una seguridad laboral a los ciudadanos.<\/p>\n<p>Asimismo, como parte de los trabajos en materia de inclusi\u00f3n, se ha dado empleo a 13 personas con discapacidad.<\/p>\n<p>As\u00ed como de 59 ciudadanos de 18 a\u00f1os, mil 145 de 19 a 59 a\u00f1os y 23 de 60 a\u00f1os o m\u00e1s.<\/p>\n<p>Finalmente, seg\u00fan el an\u00e1lisis de generaci\u00f3n de empleo de \u201cM\u00e9xico, \u00bfc\u00f3mo vamos?\u201d.<\/p>\n<p>El cual cabe destacar que si bien Quintana Roo destaca por su crecimiento y la superaci\u00f3n de metas,.<\/p>\n<p>Adem\u00e1s de que \u00fan ocupa un lugar bajo en materia de brecha laboral por g\u00e9nero, al tener s\u00f3lo 59 mujeres contratadas por cada 100 hombres.<\/p>\n<p>Esto en\u00a0el lugar 26 de los 32 estados de la Rep\u00fablica.<\/p>\n","protected":false},"excerpt":{"rendered":"<p>Al cierre del primer trimestre de 2023, Quintana Roo destaca como la entidad con el mejor desempe\u00f1o respecto a sus metas de generaci\u00f3n de empleo. Al cierre del primer trimestre de 2023, Quintana Roo destaca como la entidad con el mejor desempe\u00f1o respecto a sus metas. Esto\u00a0de generaci\u00f3n de empleo, seg\u00fan informaci\u00f3n de la organizaci\u00f3n [&hellip;]<\/p>\n","protected":false},"author":1,"featured_media":14741,"comment_status":"open","ping_status":"closed","sticky":false,"template":"","format":"standard","meta":{"footnotes":""},"categories":[10],"tags":[],"class_list":["post-14739","post","type-post","status-publish","format-standard","has-post-thumbnail","hentry","category-quintana-roo"],"_links":{"self":[{"href":"https:\/\/podernacional.com\/index.php?rest_route=\/wp\/v2\/posts\/14739","targetHints":{"allow":["GET"]}}],"collection":[{"href":"https:\/\/podernacional.com\/index.php?rest_route=\/wp\/v2\/posts"}],"about":[{"href":"https:\/\/podernacional.com\/index.php?rest_route=\/wp\/v2\/types\/post"}],"author":[{"embeddable":true,"href":"https:\/\/podernacional.com\/index.php?rest_route=\/wp\/v2\/users\/1"}],"replies":[{"embeddable":true,"href":"https:\/\/podernacional.com\/index.php?rest_route=%2Fwp%2Fv2%2Fcomments&post=14739"}],"version-history":[{"count":1,"href":"https:\/\/podernacional.com\/index.php?rest_route=\/wp\/v2\/posts\/14739\/revisions"}],"predecessor-version":[{"id":14740,"href":"https:\/\/podernacional.com\/index.php?rest_route=\/wp\/v2\/posts\/14739\/revisions\/14740"}],"wp:featuredmedia":[{"embeddable":true,"href":"https:\/\/podernacional.com\/index.php?rest_route=\/wp\/v2\/media\/14741"}],"wp:attachment":[{"href":"https:\/\/podernacional.com\/index.php?rest_route=%2Fwp%2Fv2%2Fmedia&parent=14739"}],"wp:term":[{"taxonomy":"category","embeddable":true,"href":"https:\/\/podernacional.com\/index.php?rest_route=%2Fwp%2Fv2%2Fcategories&post=14739"},{"taxonomy":"post_tag","embeddable":true,"href":"https:\/\/podernacional.com\/index.php?rest_route=%2Fwp%2Fv2%2Ftags&post=14739"}],"curies":[{"name":"wp","href":"https:\/\/api.w.org\/{rel}","templated":true}]}}