{"id":14742,"date":"2023-04-12T17:25:53","date_gmt":"2023-04-12T22:25:53","guid":{"rendered":"https:\/\/podernacional.com\/?p=14742"},"modified":"2023-04-12T22:25:54","modified_gmt":"2023-04-12T22:25:54","slug":"mara-lezama-llevara-salud-para-todas-y-todos-a-cada-rincon-de-quintana-roo","status":"publish","type":"post","link":"https:\/\/podernacional.com\/?p=14742","title":{"rendered":"Mara Lezama llevar\u00e1 Salud para Todas y Todos a cada rinc\u00f3n de Quintana Roo"},"content":{"rendered":"<h4>La gobernadora cumple su palabra y se\u00f1ala que se atender\u00e1 el rezago y abandono de muchos a\u00f1os en comunidades rurales.<\/h4>\n<p>Adem\u00e1s de que gener\u00f3 rezagos y desigualdad social<\/p>\n<p>Esto al poner en marcha el programa Salud para Todas y Todos desde esta comunidad de Felipe Carrillo Puerto.<\/p>\n<p>As\u00ed como de\u00a0la gobernadora Mara Lezama Espinosa expres\u00f3 que este gobierno humanista y progresista.<\/p>\n<p>El cual\u00a0tiene como objetivo central extender la cobertura de salud a todos los rincones del estado, tal y como lo prometi\u00f3.<\/p>\n<p>\u201cMe compromet\u00ed a traer gratuitamente m\u00e9dicos, especialistas y tecnolog\u00eda de punta a las zonas m\u00e1s apartadas de nuestra entidad\u201d.<\/p>\n<p>\u201cAs\u00ed como\u00a0para que la gente obtuviera un diagn\u00f3stico temprano y la orientaci\u00f3n necesaria para mantener o recuperar la salud, y lo estoy cumpliendo\u201d, afirm\u00f3.<\/p>\n<p>El programa Salud para Todos y Todas (Toj \u00d3olal Ti\u2019al Tu L\u00e1akalo\u2019on en lengua Maya) contempla acercar a la poblaci\u00f3n m\u00e1s vulnerable.<\/p>\n<p>Esto\u00a0del estado servicios integrales de salud gratuitos para la detecci\u00f3n, atenci\u00f3n y diagn\u00f3stico a trav\u00e9s de 42 unidades m\u00f3viles.<\/p>\n<p>Las cuales son\u00a0de atenci\u00f3n m\u00e9dica que recorrer\u00e1n m\u00e1s de 300 comunidades de Quintana Roo en lo que resta del a\u00f1o.<\/p>\n<p>Desde el domo de Chump\u00f3n, acompa\u00f1ada de las y los presidentes municipales y tras recorrer cada una de las unidades estacionadas alrededor.<\/p>\n<p>As\u00ed como de\u00a0Mara Lezama inform\u00f3 a los y las quintanarroenses que hoy inician operaciones las unidades m\u00e9dicas m\u00f3viles.<\/p>\n<p>Del 12 al 14 de abril estar\u00e1n en Chump\u00f3n, Kancapch\u00e9n, La Esperanza, Yuyanch\u00e9, Cocoyol, Chunhon, Chunya, Chanch\u00e9n, Yodzonot Chico.<\/p>\n<h4>As\u00ed como de\u00a0Kancabdzonot, X Hazil Norte y Francisco I. Madero.<\/h4>\n<p>En cada una encontrar\u00e1n medicamentos, consulta m\u00e9dica integral, consultorio dental, rayos x, ultrasonido, mastograf\u00eda.<\/p>\n<p>Adem\u00e1s del laboratorio cl\u00ednico, optometr\u00eda (lentes) aparatos auditivos, orientaci\u00f3n nutricional y sicol\u00f3gica.<\/p>\n<p>Mara Lezama destac\u00f3 que, como luchadora social y la primera mujer gobernadora de Quintana Roo, le importa mucho orientar los esfuerzos.<\/p>\n<p>Esto del gobierno a transformar vidas, generar oportunidades para todos y garantizar que el esp\u00edritu del Nuevo Acuerdo.<\/p>\n<p>As\u00ed como\u00a0por el Bienestar y Desarrollo de Quintana Roo se materialice en cada rinc\u00f3n de la entidad.<\/p>\n<p>Para la transformaci\u00f3n profunda de Quintana Roo, la gobernadora Mara Lezama record\u00f3 que en este gobierno que promueve la prosperidad compartida.<\/p>\n<p>Adem\u00e1s de que\u00a0se recortaron los gastos superfluos y se bajaron los sueldos de los servidores p\u00fablicos del gabinete.<\/p>\n<p>As\u00ed como que se cerraron los boquetes por donde se fugaba el dinero, se tocan puertas en la federaci\u00f3n.<\/p>\n<h4>Adem\u00e1s de que se hacen alianzas con el sector social y, principalmente.<\/h4>\n<p>As\u00ed como que se destin\u00f3 para este a\u00f1o el mayor presupuesto social de la historia en la atenci\u00f3n y cuidado de la gente.<\/p>\n<p>Asimismo, anunci\u00f3 que por primera vez en la historia, Felipe Carrillo Puerto tendr\u00e1 su camino al mar, con el apoyo del gobierno federal.<\/p>\n<p>La presidenta municipal Mary Hern\u00e1ndez, por su parte, expres\u00f3 que con el apoyo de la Gobernadora.<\/p>\n<p>El cual \u00a0Felipe Carrillo Puerto ha avanzado a pasos agigantados, pues en materia de salud se tendr\u00e1 un nuevo hospital de 600 millones de pesos.<\/p>\n<p>Adem\u00e1s, dijo que en 88 comunidades del municipio se tiene buena imagen del gobierno de la transformaci\u00f3n.<\/p>\n<p>En ese marco, la gobernadora Mara Lezama, acompa\u00f1ada del Secretario de Salud y entreg\u00f3 de manera simb\u00f3lica 45 sillas de ruedas y 45 bastones.<\/p>\n","protected":false},"excerpt":{"rendered":"<p>La gobernadora cumple su palabra y se\u00f1ala que se atender\u00e1 el rezago y abandono de muchos a\u00f1os en comunidades rurales. Adem\u00e1s de que gener\u00f3 rezagos y desigualdad social Esto al poner en marcha el programa Salud para Todas y Todos desde esta comunidad de Felipe Carrillo Puerto. As\u00ed como de\u00a0la gobernadora Mara Lezama Espinosa expres\u00f3 [&hellip;]<\/p>\n","protected":false},"author":1,"featured_media":14744,"comment_status":"open","ping_status":"closed","sticky":false,"template":"","format":"standard","meta":{"footnotes":""},"categories":[10],"tags":[],"class_list":["post-14742","post","type-post","status-publish","format-standard","has-post-thumbnail","hentry","category-quintana-roo"],"_links":{"self":[{"href":"https:\/\/podernacional.com\/index.php?rest_route=\/wp\/v2\/posts\/14742","targetHints":{"allow":["GET"]}}],"collection":[{"href":"https:\/\/podernacional.com\/index.php?rest_route=\/wp\/v2\/posts"}],"about":[{"href":"https:\/\/podernacional.com\/index.php?rest_route=\/wp\/v2\/types\/post"}],"author":[{"embeddable":true,"href":"https:\/\/podernacional.com\/index.php?rest_route=\/wp\/v2\/users\/1"}],"replies":[{"embeddable":true,"href":"https:\/\/podernacional.com\/index.php?rest_route=%2Fwp%2Fv2%2Fcomments&post=14742"}],"version-history":[{"count":1,"href":"https:\/\/podernacional.com\/index.php?rest_route=\/wp\/v2\/posts\/14742\/revisions"}],"predecessor-version":[{"id":14743,"href":"https:\/\/podernacional.com\/index.php?rest_route=\/wp\/v2\/posts\/14742\/revisions\/14743"}],"wp:featuredmedia":[{"embeddable":true,"href":"https:\/\/podernacional.com\/index.php?rest_route=\/wp\/v2\/media\/14744"}],"wp:attachment":[{"href":"https:\/\/podernacional.com\/index.php?rest_route=%2Fwp%2Fv2%2Fmedia&parent=14742"}],"wp:term":[{"taxonomy":"category","embeddable":true,"href":"https:\/\/podernacional.com\/index.php?rest_route=%2Fwp%2Fv2%2Fcategories&post=14742"},{"taxonomy":"post_tag","embeddable":true,"href":"https:\/\/podernacional.com\/index.php?rest_route=%2Fwp%2Fv2%2Ftags&post=14742"}],"curies":[{"name":"wp","href":"https:\/\/api.w.org\/{rel}","templated":true}]}}