{"id":14772,"date":"2023-04-13T20:07:41","date_gmt":"2023-04-14T01:07:41","guid":{"rendered":"https:\/\/podernacional.com\/?p=14772"},"modified":"2023-04-14T01:07:42","modified_gmt":"2023-04-14T01:07:42","slug":"festival-de-las-flores-2023-descuentos-y-actividades","status":"publish","type":"post","link":"https:\/\/podernacional.com\/?p=14772","title":{"rendered":"Festival de las Flores 2023: Descuentos y actividades"},"content":{"rendered":"<h4>La muestra de montajes de flores es gratuita y tambi\u00e9n habr\u00e1 m\u00fasica y exposiciones. Estas son las fechas.<\/h4>\n<p>Guadalupe G\u00f3mez Collada, representante del sector empresarial detall\u00f3 que los arreglos florales estar\u00e1n por todo el Centro Hist\u00f3rico y regalar\u00e1n algunos al final del festival.<\/p>\n<p>Del jueves 13 al domingo 16 de abril, en la Ciudad de M\u00e9xico se llevar\u00e1 a cabo el segundo Festival de las Flores del Centro Hist\u00f3rico.<\/p>\n<p>De acuerdo con la Autoridad del Centro Hist\u00f3rico (ACH), en esta edici\u00f3n se mostrar\u00e1n 50 montajes de flores en establecimientos comerciales.<\/p>\n<p>El objetivo del festival es \u201cimpulsar la econom\u00eda y fomentar la convivencia social\u201d, por lo que algunos establecimientos ofrecer\u00e1n descuentos.<\/p>\n<p>De acuerdo con \u00c1ngel Mussi, tambi\u00e9n integrante de la comunidad empresarial, habr\u00e1 descuentos que ir\u00e1n del 10 hasta el 50% en diversos establecimientos.<\/p>\n<p>As\u00ed\u00a0como incentivo para recuperar la actividad comercial, que hasta el momento se encuentra al 70% del nivel previo a la pandemia.<\/p>\n<p>\u201cEn esta ocasi\u00f3n particularmente vamos a tener descuentos adicionales. La invitaci\u00f3n es para que vengan a gastar su dinerito\u201d.<\/p>\n<h4>\u201cEsto aparte de divertirse, con todo lo que ofrece el Centro\u201d, sentenci\u00f3.<\/h4>\n<p>La muestra de montajes de flores es gratuita y tambi\u00e9n habr\u00e1 m\u00fasica y exposiciones.<\/p>\n<p>Patricia Ledesma Bouchan, directora del Museo del Templo Mayor inform\u00f3 que en el puente de Liga tenr\u00e1 lugar la exposici\u00f3n fotogr\u00e1fica Flores.<\/p>\n<p>Esto para Huitzilopochtli, que retrata los avances en las investigaciones de la zona.<\/p>\n<p>Adem\u00e1s de que\u00a0muestra las especies de flora del lugar y c\u00f3mo eran utilizadas en templos prehisp\u00e1nicos.<\/p>\n<p>Alternativas viales por el Festival de las Flores 2023<\/p>\n<p>Guadalupe G\u00f3mez Collada, representante del sector empresarial detall\u00f3 que los arreglos florales.<\/p>\n<p>El cual \u00a0estar\u00e1n por todo el Centro Hist\u00f3rico y regalar\u00e1n algunos al final del festival.<\/p>\n<p>\u00bfQu\u00e9 pas\u00f3 con Manu Chao y por qu\u00e9 dej\u00f3 de presentarse en M\u00e9xico?<\/p>\n<p>Los asistentes al festival podr\u00e1n acceder a un mapa virtual con las ubicaciones de los 50 Montajes.<\/p>\n<p>Los c\u00f3digos QR para ello estar\u00e1n colocados en las calle Francisco I. Madero.<\/p>\n<p>Adem\u00e1s, el s\u00e1bado 15 de abril, en la calle Dr. Mora, ubicada entre el Metro Hidalgo y la Alameda Central.<\/p>\n<p>Adem\u00e1s de que\u00a0habr\u00e1 una jornada musical desde las 12:00 horas.<\/p>\n","protected":false},"excerpt":{"rendered":"<p>La muestra de montajes de flores es gratuita y tambi\u00e9n habr\u00e1 m\u00fasica y exposiciones. Estas son las fechas. Guadalupe G\u00f3mez Collada, representante del sector empresarial detall\u00f3 que los arreglos florales estar\u00e1n por todo el Centro Hist\u00f3rico y regalar\u00e1n algunos al final del festival. Del jueves 13 al domingo 16 de abril, en la Ciudad de [&hellip;]<\/p>\n","protected":false},"author":1,"featured_media":14774,"comment_status":"open","ping_status":"closed","sticky":false,"template":"","format":"standard","meta":{"footnotes":""},"categories":[2],"tags":[],"class_list":["post-14772","post","type-post","status-publish","format-standard","has-post-thumbnail","hentry","category-cultural"],"_links":{"self":[{"href":"https:\/\/podernacional.com\/index.php?rest_route=\/wp\/v2\/posts\/14772","targetHints":{"allow":["GET"]}}],"collection":[{"href":"https:\/\/podernacional.com\/index.php?rest_route=\/wp\/v2\/posts"}],"about":[{"href":"https:\/\/podernacional.com\/index.php?rest_route=\/wp\/v2\/types\/post"}],"author":[{"embeddable":true,"href":"https:\/\/podernacional.com\/index.php?rest_route=\/wp\/v2\/users\/1"}],"replies":[{"embeddable":true,"href":"https:\/\/podernacional.com\/index.php?rest_route=%2Fwp%2Fv2%2Fcomments&post=14772"}],"version-history":[{"count":1,"href":"https:\/\/podernacional.com\/index.php?rest_route=\/wp\/v2\/posts\/14772\/revisions"}],"predecessor-version":[{"id":14773,"href":"https:\/\/podernacional.com\/index.php?rest_route=\/wp\/v2\/posts\/14772\/revisions\/14773"}],"wp:featuredmedia":[{"embeddable":true,"href":"https:\/\/podernacional.com\/index.php?rest_route=\/wp\/v2\/media\/14774"}],"wp:attachment":[{"href":"https:\/\/podernacional.com\/index.php?rest_route=%2Fwp%2Fv2%2Fmedia&parent=14772"}],"wp:term":[{"taxonomy":"category","embeddable":true,"href":"https:\/\/podernacional.com\/index.php?rest_route=%2Fwp%2Fv2%2Fcategories&post=14772"},{"taxonomy":"post_tag","embeddable":true,"href":"https:\/\/podernacional.com\/index.php?rest_route=%2Fwp%2Fv2%2Ftags&post=14772"}],"curies":[{"name":"wp","href":"https:\/\/api.w.org\/{rel}","templated":true}]}}