{"id":14778,"date":"2023-04-13T20:10:29","date_gmt":"2023-04-14T01:10:29","guid":{"rendered":"https:\/\/podernacional.com\/?p=14778"},"modified":"2023-04-14T01:10:30","modified_gmt":"2023-04-14T01:10:30","slug":"cimafunk-prepara-festival-en-nueva-orleans","status":"publish","type":"post","link":"https:\/\/podernacional.com\/?p=14778","title":{"rendered":"Cimafunk prepara festival en Nueva Orleans"},"content":{"rendered":"<h4>El cantautor cubano Cimafunk durante su presentaci\u00f3n en el Lunario en la Ciudad de M\u00e9xico el 26 de mayo de 2022.<\/h4>\n<p>El m\u00fasico cubano Cimafunk est\u00e1 afinando los \u00faltimos detalles de su CimaFest NOLA 2023.<\/p>\n<p>El cual es un festival con el que planea reforzar los v\u00ednculos entre Nueva Orleans y la m\u00fasica cubana.<\/p>\n<p>El a\u00f1o pasado Cimafunk fue elogiado tras su presentaci\u00f3n en el emblem\u00e1tico festival de la ciudad\u00a0New Orleans Jazz and Heritage Festival.<\/p>\n<p>Adem\u00e1s de que\u00a0este mes regresa a la ciudad con su propio festival.<\/p>\n<p>El CimaFest ser\u00e1 el 29 de abril en el The Civic Theatre de Nueva Orleans y tendr\u00e1 como invitados a la rapera y cantante afrocubana La Dame Blanche.<\/p>\n<p>As\u00ed como de\u00a0la m\u00fasica originaria de Nueva Orleans Anjelika \u201cJelly\u201d Joseph.<\/p>\n<p>Por con quien Cimafunk colabor\u00f3 recientemente en el sencillo \u201cReady For Me\u201d de Galactic, el trompetista estadounidense Maurice \u201cMobetta\u201d Brown.<\/p>\n<p>As\u00ed como de\u00a0Big Chief Juan Pardo de Nueva Orleans, el cantante y guitarrista haitiano Paul Beaubrun, el percusionista cubano Pedrito Martinez.<\/p>\n<p>Adem\u00e1s de la cantante y percusionista cubana Brenda Navarrete.<\/p>\n<p>\u201cVa a ser una noche de fiesta ah\u00ed y de mucha afro-Cuba; estoy preparando los ensayos, la log\u00edstica, estoy muy contento de hacer la primera edici\u00f3n\u201d.<\/p>\n<p>Esto lo\u00a0dijo Cimafunk en una entrevista reciente por videollamada desde Nueva Orleans.<\/p>\n<p>Tambi\u00e9n planea llevar a ocho estudiantes cubanos de m\u00fasica, que cursan secundaria, bachillerato y universidad,.<\/p>\n<h4>As\u00ed como para presentarse en el CimaFest y realizar actividades en la comunidad.<\/h4>\n<p>Cimafunk destac\u00f3 el Civic Theatre de Nueva Orleans por ser el lugar perfecto para su festival.<\/p>\n<p>Esto\u00a0pues a pesar de ser un edificio antiguo, sus butacas removibles permiten que sea vers\u00e1til y tenga espacio al frente para bailar.<\/p>\n<p>\u201cEst\u00e1 s\u00faper lindo, me encanta la arquitectura del lugar, est\u00e1 perfecto\u201d, dijo. \u201cMe gusta que la gente est\u00e9 cerca de lo que est\u00e9 pasando\u201d.<\/p>\n<p>El m\u00fasico no precis\u00f3 la duraci\u00f3n del festival, pero dijo que ser\u00e1 de varias horas.<\/p>\n<p>Tiago PZK durante un concierto en el Lunario de la Ciudad de M\u00e9xico el 3 de mayo de 2022. El artista urbano argentino.<\/p>\n<p>Con esto que lanz\u00f3 la versi\u00f3n deluxe de su \u00e1lbum \u00abPortales\u00bb el 30 de marzo de 2023.<\/p>\n<p>Tiago PZK trabaja en nuevo \u00e1lbum tras conciertos masivos<\/p>\n<p>\u201cEso va a ser una fiesta con mucho afro-Cuba y mucho funky\u201d, se\u00f1al\u00f3. \u201cVa a ser una cosa de mucha cultura y de mucha tradici\u00f3n tambi\u00e9n\u201d.<\/p>\n<p>El festival se suma a todas las actividades que Cimafunk est\u00e1 haciendo en el a\u00f1o. El fin de semana pasado fue lanzado el \u00e1lbum \u201cLate Night Basie\u201d.<\/p>\n<p>Esto con canciones cl\u00e1sicas del fallecido maestro del jazz Count Basie en el que participa el m\u00fasico cubano.<\/p>\n<p>En el \u00e1lbum, tambi\u00e9n est\u00e1n invitados artistas como Talib Kweli, Jazzmeia Horn, Ray Angry y Terence Blanchard.<\/p>\n<p>Cimafunk grab\u00f3 su colaboraci\u00f3n vocal en la alegre \u201cSt. Thomas\u201d en Nueva Orleans, en el tema tambi\u00e9n colaboran The Soul Rebels, Nicholas Payton,\u00a0Weedie Braimah.<\/p>\n<p>\u201cEs como ser un instrumento m\u00e1s de la canci\u00f3n\u201d, dijo sobre c\u00f3mo canaliz\u00f3 la m\u00fasica de Basie.<\/p>\n<p>\u201cLa canci\u00f3n te lleva a la fiesta, eso est\u00e1 rico\u201d.<\/p>\n<p>Cimafunk destac\u00f3 a Basie, art\u00edfice de otros grandes temas de jazz como \u201cBlue &amp; Sentimental\u201d y \u201cOne O\u2019Clock Jump\u201d, como \u201cla ra\u00edz\u201d.<\/p>\n<p>Su m\u00fasica lo ha acompa\u00f1ado por mucho tiempo sonando ocasionalmente en televisi\u00f3n, medios y el gusto popular.<\/p>\n","protected":false},"excerpt":{"rendered":"<p>El cantautor cubano Cimafunk durante su presentaci\u00f3n en el Lunario en la Ciudad de M\u00e9xico el 26 de mayo de 2022. El m\u00fasico cubano Cimafunk est\u00e1 afinando los \u00faltimos detalles de su CimaFest NOLA 2023. El cual es un festival con el que planea reforzar los v\u00ednculos entre Nueva Orleans y la m\u00fasica cubana. El [&hellip;]<\/p>\n","protected":false},"author":1,"featured_media":14780,"comment_status":"open","ping_status":"closed","sticky":false,"template":"","format":"standard","meta":{"footnotes":""},"categories":[2],"tags":[],"class_list":["post-14778","post","type-post","status-publish","format-standard","has-post-thumbnail","hentry","category-cultural"],"_links":{"self":[{"href":"https:\/\/podernacional.com\/index.php?rest_route=\/wp\/v2\/posts\/14778","targetHints":{"allow":["GET"]}}],"collection":[{"href":"https:\/\/podernacional.com\/index.php?rest_route=\/wp\/v2\/posts"}],"about":[{"href":"https:\/\/podernacional.com\/index.php?rest_route=\/wp\/v2\/types\/post"}],"author":[{"embeddable":true,"href":"https:\/\/podernacional.com\/index.php?rest_route=\/wp\/v2\/users\/1"}],"replies":[{"embeddable":true,"href":"https:\/\/podernacional.com\/index.php?rest_route=%2Fwp%2Fv2%2Fcomments&post=14778"}],"version-history":[{"count":1,"href":"https:\/\/podernacional.com\/index.php?rest_route=\/wp\/v2\/posts\/14778\/revisions"}],"predecessor-version":[{"id":14779,"href":"https:\/\/podernacional.com\/index.php?rest_route=\/wp\/v2\/posts\/14778\/revisions\/14779"}],"wp:featuredmedia":[{"embeddable":true,"href":"https:\/\/podernacional.com\/index.php?rest_route=\/wp\/v2\/media\/14780"}],"wp:attachment":[{"href":"https:\/\/podernacional.com\/index.php?rest_route=%2Fwp%2Fv2%2Fmedia&parent=14778"}],"wp:term":[{"taxonomy":"category","embeddable":true,"href":"https:\/\/podernacional.com\/index.php?rest_route=%2Fwp%2Fv2%2Fcategories&post=14778"},{"taxonomy":"post_tag","embeddable":true,"href":"https:\/\/podernacional.com\/index.php?rest_route=%2Fwp%2Fv2%2Ftags&post=14778"}],"curies":[{"name":"wp","href":"https:\/\/api.w.org\/{rel}","templated":true}]}}