{"id":14781,"date":"2023-04-13T20:15:00","date_gmt":"2023-04-14T01:15:00","guid":{"rendered":"https:\/\/podernacional.com\/?p=14781"},"modified":"2023-04-14T01:15:01","modified_gmt":"2023-04-14T01:15:01","slug":"quintana-roo-y-japon-hacen-alianzas-para-atraer-turismo-e-inversion-anuncia-mara-lezama","status":"publish","type":"post","link":"https:\/\/podernacional.com\/?p=14781","title":{"rendered":"Quintana Roo y Jap\u00f3n hacen alianzas para atraer turismo e inversi\u00f3n, anuncia Mara Lezama"},"content":{"rendered":"<h4>La mandataria estatal se reuni\u00f3 con el embajador de Jap\u00f3n en M\u00e9xico Noriteru Fukushima; conversaron sobre varios temas destacando el Tren Maya<\/h4>\n<p>La gobernadora de Quintana Roo, Mara Lezama Espinosa, se reuni\u00f3 con el embajador de Jap\u00f3n en M\u00e9xico Noriteru Fukushima.<\/p>\n<p>Esto para desarrollar temas de coordinaci\u00f3n entre los que destacan la Feria Jata en octubre pr\u00f3ximo, la importancia del Tren Maya.<\/p>\n<p>As\u00ed como para el sureste de M\u00e9xico, becas para estudiantes quintanarroenses, promoci\u00f3n tur\u00edstica, seguridad y mayor conectividad, entre otros.<\/p>\n<p>Durante la reuni\u00f3n se precis\u00f3 que Canc\u00fan ser\u00e1 sede el a\u00f1o pr\u00f3ximo del STS Forum (Sociedad de Ciencia y Tecnolog\u00eda).<\/p>\n<p>Adem\u00e1s de\u00a0una organizaci\u00f3n sin fines de lucro nacida en Jap\u00f3n desde 2004, que originalmente se celebraba en Kioto cada oto\u00f1o.<\/p>\n<p>Asimismo, trabajar en colaboraci\u00f3n con el Instituto MIRAI-Jap\u00f3n para proyectos STEM en ni\u00f1os y ni\u00f1as en Quintana Roo.<\/p>\n<p>As\u00ed como\u00a0que es un enfoque integrador que fomenta el inter\u00e9s de los estudiantes en ciencia, tecnolog\u00eda, ingenier\u00eda, artes.<\/p>\n<p>Al igual que matem\u00e1ticas a medida que desarrolla una variedad de habilidades importantes.<\/p>\n<p>Como resultado de la reuni\u00f3n se acord\u00f3 una alianza con el Gobierno de Quintana Roo y la Embajada de Jap\u00f3n en M\u00e9xico.<\/p>\n<p>Esto\u00a0para intercambios de j\u00f3venes estudiantes a Jap\u00f3n totalmente becados.<\/p>\n<p>La gobernadora explic\u00f3 al diplom\u00e1tico que el Tren Maya permitir\u00e1 la conexi\u00f3n, mediante un circuito, de varios estados del sureste de M\u00e9xico.<\/p>\n<h4>Adem\u00e1s de lo que har\u00e1 que los turistas y visitantes tengan m\u00e1s d\u00edas de pernocta.<\/h4>\n<p>En Quintana Roo, les dar\u00e1 la oportunidad de conocer las bellezas naturales y la riqueza cultural del\u00a0norte, centro y sur del estado.<\/p>\n<p>Dio a conocer los alcances de esta obra ferroviaria m\u00e1s importante del gobierno federal, con sus trenes en diversas modalidades.<\/p>\n<p>As\u00ed como de sus\u00a0estaciones y paraderos, que entrar\u00e1 en operaciones en diciembre de este a\u00f1o y que, sin duda.<\/p>\n<p>El cual ser\u00e1 atractivo para nuevas inversiones que generen empleo y prosperidad compartida para las familias quintanarroenses.<\/p>\n<p>Al recibir la invitaci\u00f3n para que asista al JATA Tourism Expo Japan 2023 en octubre pr\u00f3ximo, en el que participa el Caribe Mexicano.<\/p>\n<p>Por ende, el embajador Noriteru Fukushima ofreci\u00f3 todo el apoyo de su gobierno para tener una agenda muy estructurada.<\/p>\n<p>Durante el encuentro se consider\u00f3 importante una mayor promoci\u00f3n en Jap\u00f3n para aumentar el n\u00famero de visitantes a la entidad.<\/p>\n<p>De acuerdo con Sedetur, Quintana Roo capta el 25 por ciento de turismo japon\u00e9s.<\/p>\n<p>As\u00ed como\u00a0con conexiones a\u00e9reas desde Jap\u00f3n a M\u00e9xico y de ah\u00ed a la entidad.<\/p>\n<p>El diplom\u00e1tico japon\u00e9s destac\u00f3 que Quintana Roo es un destino favorable para los japoneses.<\/p>\n","protected":false},"excerpt":{"rendered":"<p>La mandataria estatal se reuni\u00f3 con el embajador de Jap\u00f3n en M\u00e9xico Noriteru Fukushima; conversaron sobre varios temas destacando el Tren Maya La gobernadora de Quintana Roo, Mara Lezama Espinosa, se reuni\u00f3 con el embajador de Jap\u00f3n en M\u00e9xico Noriteru Fukushima. Esto para desarrollar temas de coordinaci\u00f3n entre los que destacan la Feria Jata en [&hellip;]<\/p>\n","protected":false},"author":1,"featured_media":14783,"comment_status":"open","ping_status":"closed","sticky":false,"template":"","format":"standard","meta":{"footnotes":""},"categories":[10],"tags":[],"class_list":["post-14781","post","type-post","status-publish","format-standard","has-post-thumbnail","hentry","category-quintana-roo"],"_links":{"self":[{"href":"https:\/\/podernacional.com\/index.php?rest_route=\/wp\/v2\/posts\/14781","targetHints":{"allow":["GET"]}}],"collection":[{"href":"https:\/\/podernacional.com\/index.php?rest_route=\/wp\/v2\/posts"}],"about":[{"href":"https:\/\/podernacional.com\/index.php?rest_route=\/wp\/v2\/types\/post"}],"author":[{"embeddable":true,"href":"https:\/\/podernacional.com\/index.php?rest_route=\/wp\/v2\/users\/1"}],"replies":[{"embeddable":true,"href":"https:\/\/podernacional.com\/index.php?rest_route=%2Fwp%2Fv2%2Fcomments&post=14781"}],"version-history":[{"count":1,"href":"https:\/\/podernacional.com\/index.php?rest_route=\/wp\/v2\/posts\/14781\/revisions"}],"predecessor-version":[{"id":14782,"href":"https:\/\/podernacional.com\/index.php?rest_route=\/wp\/v2\/posts\/14781\/revisions\/14782"}],"wp:featuredmedia":[{"embeddable":true,"href":"https:\/\/podernacional.com\/index.php?rest_route=\/wp\/v2\/media\/14783"}],"wp:attachment":[{"href":"https:\/\/podernacional.com\/index.php?rest_route=%2Fwp%2Fv2%2Fmedia&parent=14781"}],"wp:term":[{"taxonomy":"category","embeddable":true,"href":"https:\/\/podernacional.com\/index.php?rest_route=%2Fwp%2Fv2%2Fcategories&post=14781"},{"taxonomy":"post_tag","embeddable":true,"href":"https:\/\/podernacional.com\/index.php?rest_route=%2Fwp%2Fv2%2Ftags&post=14781"}],"curies":[{"name":"wp","href":"https:\/\/api.w.org\/{rel}","templated":true}]}}