{"id":14784,"date":"2023-04-13T20:16:18","date_gmt":"2023-04-14T01:16:18","guid":{"rendered":"https:\/\/podernacional.com\/?p=14784"},"modified":"2023-04-14T01:16:19","modified_gmt":"2023-04-14T01:16:19","slug":"coparmex-busca-incremento-de-turismo-medico-en-quintana-roo","status":"publish","type":"post","link":"https:\/\/podernacional.com\/?p=14784","title":{"rendered":"Coparmex busca incremento de turismo m\u00e9dico en Quintana Roo"},"content":{"rendered":"<h4>Una comisi\u00f3n especializada por miembros de la Coparmex quieren aumentar un 13% la llegada del turismo m\u00e9dico a Quintana Roo.<\/h4>\n<p>El turismo m\u00e9dico en Quintana Roo, destaca a Canc\u00fan como una de las ciudades con m\u00e1s pacientes for\u00e1neos.<\/p>\n<p>Para seguir impulsando el turismo me\u0301dico en Quintana Roo, quedo\u0301 conformado un comite\u0301 de producto especializado.<\/p>\n<p>Esto\u00a0junto con la Secretari\u0301a de Turismo, para que con ello, trave\u0301s de mesas de trabajo, capten ma\u0301s pacientes e incrementar hasta 13% la llegada.<\/p>\n<p>Adem\u00e1s, ya que de manera mensual se reciben un promedio de 700 extranjeros que llegan a un procedimiento.<\/p>\n<p>Ange\u0301lica Fri\u0301as, presidenta de la Confederacio\u0301n Patronal de la Repu\u0301blica Mexicana (Coparmex).<\/p>\n<p>El cual\u00a0dijo que desde la comisi\u00f3n que se conformo\u0301 en el sindicato patronal, es que se comenzo\u0301 el trabajo para darle un mayor impulso.<\/p>\n<p>Esto sobre todo ante la infraestructura que se cuenta en la entidad para atender a pacientes desde Canada\u0301 y Estados Unidos.<\/p>\n<p>\u201cLa mayori\u0301a de los pacientes son de ma\u0301s de 50 an\u0303os, que llegan con su familia a realizarse procedimientos me\u0301dicos\u201d.<\/p>\n<h4>\u201cAs\u00ed como de\u00a0las estancias son ma\u0301s del doble que lo convencional\u201d.<\/h4>\n<p>\u201cPor ello se busca impulsarlo en servicios dentales, cirug\u00edas pla\u0301sticas, baria\u0301trico y ahora ginecologi\u0301a\u201d.<\/p>\n<p>Dijo que luego de la reuni\u00f3n con autoridades se podra\u0301n guiar, \u00a0establecieron rutas de trabajo para que se puedan unir mediante una cadena de valor.<\/p>\n<p>Andre\u0301s Jurado, presidente de la comisio\u0301n de turismo de la Coparmex.<\/p>\n<p>Esto lo\u00a0explico\u0301 que buscan ma\u0301s pacientes que aprovechen descuentos de 35% en diversas especialidades.<\/p>\n<p>Cancu\u0301n compite con varias ciudades, pero ofrece conectividad y bellezas, y puede atraer un turismo de ma\u0301s alto poder adquisitivo para cirugi\u0301as programadas.<\/p>\n<p>La cifra de pacientes sigue 7% abajo que en 2019, por lo que buscan una mayor promocio\u0301n.<\/p>\n<p>Adem\u00e1s de que sobre todo para captar a los interesados en las llamadas temporadas bajas.<\/p>\n","protected":false},"excerpt":{"rendered":"<p>Una comisi\u00f3n especializada por miembros de la Coparmex quieren aumentar un 13% la llegada del turismo m\u00e9dico a Quintana Roo. El turismo m\u00e9dico en Quintana Roo, destaca a Canc\u00fan como una de las ciudades con m\u00e1s pacientes for\u00e1neos. Para seguir impulsando el turismo me\u0301dico en Quintana Roo, quedo\u0301 conformado un comite\u0301 de producto especializado. Esto\u00a0junto [&hellip;]<\/p>\n","protected":false},"author":1,"featured_media":14786,"comment_status":"open","ping_status":"closed","sticky":false,"template":"","format":"standard","meta":{"footnotes":""},"categories":[10],"tags":[],"class_list":["post-14784","post","type-post","status-publish","format-standard","has-post-thumbnail","hentry","category-quintana-roo"],"_links":{"self":[{"href":"https:\/\/podernacional.com\/index.php?rest_route=\/wp\/v2\/posts\/14784","targetHints":{"allow":["GET"]}}],"collection":[{"href":"https:\/\/podernacional.com\/index.php?rest_route=\/wp\/v2\/posts"}],"about":[{"href":"https:\/\/podernacional.com\/index.php?rest_route=\/wp\/v2\/types\/post"}],"author":[{"embeddable":true,"href":"https:\/\/podernacional.com\/index.php?rest_route=\/wp\/v2\/users\/1"}],"replies":[{"embeddable":true,"href":"https:\/\/podernacional.com\/index.php?rest_route=%2Fwp%2Fv2%2Fcomments&post=14784"}],"version-history":[{"count":1,"href":"https:\/\/podernacional.com\/index.php?rest_route=\/wp\/v2\/posts\/14784\/revisions"}],"predecessor-version":[{"id":14785,"href":"https:\/\/podernacional.com\/index.php?rest_route=\/wp\/v2\/posts\/14784\/revisions\/14785"}],"wp:featuredmedia":[{"embeddable":true,"href":"https:\/\/podernacional.com\/index.php?rest_route=\/wp\/v2\/media\/14786"}],"wp:attachment":[{"href":"https:\/\/podernacional.com\/index.php?rest_route=%2Fwp%2Fv2%2Fmedia&parent=14784"}],"wp:term":[{"taxonomy":"category","embeddable":true,"href":"https:\/\/podernacional.com\/index.php?rest_route=%2Fwp%2Fv2%2Fcategories&post=14784"},{"taxonomy":"post_tag","embeddable":true,"href":"https:\/\/podernacional.com\/index.php?rest_route=%2Fwp%2Fv2%2Ftags&post=14784"}],"curies":[{"name":"wp","href":"https:\/\/api.w.org\/{rel}","templated":true}]}}