{"id":1479,"date":"2020-09-22T09:46:00","date_gmt":"2020-09-22T09:46:00","guid":{"rendered":"http:\/\/whatsappcancun.com\/?p=1479"},"modified":"2020-09-22T09:46:00","modified_gmt":"2020-09-22T09:46:00","slug":"dan-limpieza-de-playas-en-xcacel-xcacelito","status":"publish","type":"post","link":"https:\/\/podernacional.com\/?p=1479","title":{"rendered":"Dan limpieza de playas en Xcacel-Xcacelito"},"content":{"rendered":"\n<p><em><strong>Para conmemorar el D\u00eda Internacional de Limpieza de Playas, se organiz\u00f3 una jornada de aseo en el\u00a0Santuario de la Tortuga Marina Xcacel-Xcacelito.<\/strong><\/em><\/p>\n\n\n\n<p>Para conmemorar el D\u00eda Internacional de Limpieza de Playas, el gobierno del estado organiz\u00f3 una jornada de tres d\u00edas para asear la Reserva Estatal y Santuario de la Tortuga Marina Xcacel-Xcacelito.<\/p>\n\n\n\n<p>A trav\u00e9s del Instituto de Biodiversidad y \u00c1reas Naturales Protegidas, bajo la responsabilidad de la Secretar\u00eda de Ecolog\u00eda y Medio Ambiente de Quintana Roo, se llevaron a cabo varias actividades.<\/p>\n\n\n\n<p>A ellas se sumaron la Fundaci\u00f3n Ecobah\u00eda; Bah\u00eda Pr\u00edncipe Residencial Golf; la Zofemat; Flora, Fauna y Cultura de M\u00e9xico; el municipio de&nbsp;<a href=\"http:\/\/www.tulum.gob.mx\/\">Tulum<\/a>&nbsp;y ciudadanos de Chemuyil.<\/p>\n\n\n\n<p>El secretario de Ecolog\u00eda y Medio Ambiente, Efra\u00edn Villanueva Arcos, record\u00f3 que como resultado de la protecci\u00f3n y la preservaci\u00f3n del Santuario de la Tortuga Marina, en 2020 la bah\u00eda Xcacel\u2013Xcacelito fue certificada como Paisaje Costero \u201cClase 1\u201d por su alto valor esc\u00e9nico.<\/p>\n\n\n\n<p>\u201cDemostr\u00f3 el esfuerzo, la organizaci\u00f3n y el compromiso con la protecci\u00f3n ambiental, que garantiza el derecho humano a un ambiente sano\u201d.<\/p>\n\n\n\n<div class=\"wp-block-image\"><figure class=\"aligncenter\"><img decoding=\"async\" src=\"https:\/\/i0.wp.com\/lucesdelsiglo.com\/wp-content\/uploads\/2020\/09\/3-P-1.jpg?resize=696%2C391&amp;ssl=1\" alt=\"3-P\" class=\"wp-image-97296\"\/><\/figure><\/div>\n\n\n\n<p>El titular de SEMA precis\u00f3 que, en un solo d\u00eda, al recorrer aproximadamente 300 metros de la ensenada Xcacelito, se lograron recuperar de la playa 178 kilogramos de pl\u00e1stico y 32 kilogramos de vidrio.<\/p>\n\n\n\n<p>Rafael Robles de Benito, responsable del despacho del Instituto de Biodiversidad y \u00c1reas Protegidas, precis\u00f3 que todos los desechos s\u00f3lidos recolectados ser\u00e1n destinados al centro de reciclaje del Hotel Bah\u00eda Pr\u00edncipe.<\/p>\n\n\n\n<p>\u201cLa actividad permite mantener la belleza esc\u00e9nica de la Reserva, concienciar a la poblaci\u00f3n para evitar la destrucci\u00f3n ecol\u00f3gica de las playas y cuidar el medio ambiente\u201d.<\/p>\n","protected":false},"excerpt":{"rendered":"<p>Para conmemorar el D\u00eda Internacional de Limpieza de Playas, se organiz\u00f3 una jornada de aseo en el\u00a0Santuario de la Tortuga Marina Xcacel-Xcacelito. Para conmemorar el D\u00eda Internacional de Limpieza de Playas, el gobierno del estado organiz\u00f3 una jornada de tres d\u00edas para asear la Reserva Estatal y Santuario de la Tortuga Marina Xcacel-Xcacelito. A trav\u00e9s [&hellip;]<\/p>\n","protected":false},"author":1,"featured_media":1480,"comment_status":"open","ping_status":"open","sticky":false,"template":"","format":"standard","meta":{"footnotes":""},"categories":[12],"tags":[],"class_list":["post-1479","post","type-post","status-publish","format-standard","has-post-thumbnail","hentry","category-sin-categoria"],"_links":{"self":[{"href":"https:\/\/podernacional.com\/index.php?rest_route=\/wp\/v2\/posts\/1479","targetHints":{"allow":["GET"]}}],"collection":[{"href":"https:\/\/podernacional.com\/index.php?rest_route=\/wp\/v2\/posts"}],"about":[{"href":"https:\/\/podernacional.com\/index.php?rest_route=\/wp\/v2\/types\/post"}],"author":[{"embeddable":true,"href":"https:\/\/podernacional.com\/index.php?rest_route=\/wp\/v2\/users\/1"}],"replies":[{"embeddable":true,"href":"https:\/\/podernacional.com\/index.php?rest_route=%2Fwp%2Fv2%2Fcomments&post=1479"}],"version-history":[{"count":0,"href":"https:\/\/podernacional.com\/index.php?rest_route=\/wp\/v2\/posts\/1479\/revisions"}],"wp:featuredmedia":[{"embeddable":true,"href":"https:\/\/podernacional.com\/index.php?rest_route=\/wp\/v2\/media\/1480"}],"wp:attachment":[{"href":"https:\/\/podernacional.com\/index.php?rest_route=%2Fwp%2Fv2%2Fmedia&parent=1479"}],"wp:term":[{"taxonomy":"category","embeddable":true,"href":"https:\/\/podernacional.com\/index.php?rest_route=%2Fwp%2Fv2%2Fcategories&post=1479"},{"taxonomy":"post_tag","embeddable":true,"href":"https:\/\/podernacional.com\/index.php?rest_route=%2Fwp%2Fv2%2Ftags&post=1479"}],"curies":[{"name":"wp","href":"https:\/\/api.w.org\/{rel}","templated":true}]}}