{"id":1485,"date":"2020-09-23T08:18:00","date_gmt":"2020-09-23T08:18:00","guid":{"rendered":"http:\/\/whatsappcancun.com\/?p=1485"},"modified":"2020-09-23T08:18:00","modified_gmt":"2020-09-23T08:18:00","slug":"asi-recibio-quintana-roo-el-dia-internacional-de-la-paz","status":"publish","type":"post","link":"https:\/\/podernacional.com\/?p=1485","title":{"rendered":"As\u00ed recibi\u00f3 Quintana Roo el D\u00eda Internacional de la Paz"},"content":{"rendered":"\n<p>Se realizaron ceremonias simult\u00e1neas en los 11 municipios de Quintana Roo durante los primeros rayos del sol.<\/p>\n\n\n\n<p>Canc\u00fan.- El&nbsp;<strong>D\u00eda Internacional de la Paz<\/strong>&nbsp;fue celebrado este lunes con ceremonias simult\u00e1neas realizadas por las once oficinas municipales del Sistema para el Desarrollo Integral de la Familia (DIF) en Quintana Roo.<\/p>\n\n\n\n<p>El lema de este a\u00f1o es \u201cForjando la Paz Juntos\u201d y promueve la compasi\u00f3n, amabilidad y esperanza frente a la pandemia del Covid-19, destaca un&nbsp;<a href=\"http:\/\/cgc.qroo.gob.mx\/con-ceremonias-simultaneas-en-los-11-municipios-el-dif-quintana-roo-conmemora-el-dia-internacional-de-la-paz\/\">comunicado de prensa<\/a>.<\/p>\n\n\n\n<p>A a partir de las 6:30 de la ma\u00f1ana en todos los municipios con los primeros rayos del sol como escenario, se realizaron&nbsp;<strong>ceremonias mayas<\/strong>&nbsp;y otras actividades, todo ello con la finalidad de promover que Quintana Roo es una tierra de cultura de paz.<a href=\"https:\/\/images.sipse.com\/NCbrDlxZnGLdgjLjkTnOQOTzCJY=\/fit-in\/900x500\/2020\/09\/21\/1600724139108.jpg\"><\/a>(cgc.qroo.gob.mx)<\/p>\n\n\n\n<p>La ceremonia oficial se llev\u00f3 a cabo al amanecer de este lunes 21 de septiembre en el Malec\u00f3n Tajamar de Canc\u00fan, donde la directora general, Mar\u00eda Elba Carranza Aguirre acompa\u00f1\u00f3 a la presidente municipal Mara Lezama y al director del DIF Benito Ju\u00e1rez, Flavio Carlos Rosado al ritual maya que se realiz\u00f3 para dar la bienvenida a los primeros rayos del sol de esta fecha.<\/p>\n\n\n\n<p>A la par y de manera simult\u00e1nea, en los municipios de Oth\u00f3n P. Blanco, Bacalar, Felipe Carrillo Puerto, Jos\u00e9 Mar\u00eda Morelos, Solidaridad, Cozumel, Puerto Morelos, Tulum, Isla Mujeres y L\u00e1zaro C\u00e1rdenas, se realizaron eventos similares que tuvieron el prop\u00f3sito de promover con acciones de difusi\u00f3n, sensibilizaci\u00f3n y concientizaci\u00f3n la cultura de paz.<a href=\"https:\/\/images.sipse.com\/ysRQ8swh9Hv5zVSFC4Is1R_TKlI=\/fit-in\/900x500\/2020\/09\/21\/1600724137680.jpg\"><\/a>(cgc.qroo.gob.mx)<\/p>\n\n\n\n<h2 class=\"wp-block-heading\">Se promueve la cultura de paz en Quintana Roo<\/h2>\n\n\n\n<p>Con respecto a esta fecha conmemorativa, Mar\u00eda Elba Carranza Aguirre dijo que el Plan Estatal de Desarrollo 2016-2022 contempla el programa \u201cQuintana Roo Tierra de Cultura de Paz\u201d, el cual es promovido por el DIF Quintana Roo, presidido por la se\u00f1ora Gaby Rej\u00f3n de Joaqu\u00edn, y que en este sentido para conmemorar esta fecha todos los a\u00f1os hay coordinaci\u00f3n con los organismos municipales para realizar ceremonias que promuevan este valor.<a href=\"https:\/\/images.sipse.com\/cIogZApYy0sGQ73E5rXCi7pjGJI=\/fit-in\/900x500\/2020\/09\/21\/1600724139669.jpg\"><\/a>(cgc.qroo.gob.mx)<\/p>\n\n\n\n<p>Agradeci\u00f3 a las presidentas y directivos de los DIF Municipales sumarse a esta iniciativa de promover la cultura de paz.<\/p>\n","protected":false},"excerpt":{"rendered":"<p>Se realizaron ceremonias simult\u00e1neas en los 11 municipios de Quintana Roo durante los primeros rayos del sol. Canc\u00fan.- El&nbsp;D\u00eda Internacional de la Paz&nbsp;fue celebrado este lunes con ceremonias simult\u00e1neas realizadas por las once oficinas municipales del Sistema para el Desarrollo Integral de la Familia (DIF) en Quintana Roo. El lema de este a\u00f1o es \u201cForjando [&hellip;]<\/p>\n","protected":false},"author":1,"featured_media":1486,"comment_status":"open","ping_status":"open","sticky":false,"template":"","format":"standard","meta":{"footnotes":""},"categories":[12],"tags":[],"class_list":["post-1485","post","type-post","status-publish","format-standard","has-post-thumbnail","hentry","category-sin-categoria"],"_links":{"self":[{"href":"https:\/\/podernacional.com\/index.php?rest_route=\/wp\/v2\/posts\/1485","targetHints":{"allow":["GET"]}}],"collection":[{"href":"https:\/\/podernacional.com\/index.php?rest_route=\/wp\/v2\/posts"}],"about":[{"href":"https:\/\/podernacional.com\/index.php?rest_route=\/wp\/v2\/types\/post"}],"author":[{"embeddable":true,"href":"https:\/\/podernacional.com\/index.php?rest_route=\/wp\/v2\/users\/1"}],"replies":[{"embeddable":true,"href":"https:\/\/podernacional.com\/index.php?rest_route=%2Fwp%2Fv2%2Fcomments&post=1485"}],"version-history":[{"count":0,"href":"https:\/\/podernacional.com\/index.php?rest_route=\/wp\/v2\/posts\/1485\/revisions"}],"wp:featuredmedia":[{"embeddable":true,"href":"https:\/\/podernacional.com\/index.php?rest_route=\/wp\/v2\/media\/1486"}],"wp:attachment":[{"href":"https:\/\/podernacional.com\/index.php?rest_route=%2Fwp%2Fv2%2Fmedia&parent=1485"}],"wp:term":[{"taxonomy":"category","embeddable":true,"href":"https:\/\/podernacional.com\/index.php?rest_route=%2Fwp%2Fv2%2Fcategories&post=1485"},{"taxonomy":"post_tag","embeddable":true,"href":"https:\/\/podernacional.com\/index.php?rest_route=%2Fwp%2Fv2%2Ftags&post=1485"}],"curies":[{"name":"wp","href":"https:\/\/api.w.org\/{rel}","templated":true}]}}