{"id":14850,"date":"2023-04-15T14:31:32","date_gmt":"2023-04-15T19:31:32","guid":{"rendered":"https:\/\/podernacional.com\/?p=14850"},"modified":"2023-04-15T19:31:33","modified_gmt":"2023-04-15T19:31:33","slug":"se-abren-las-inscripciones-para-el-xix-festival-nacional-de-la-trova-ciudad-de-medellin","status":"publish","type":"post","link":"https:\/\/podernacional.com\/?p=14850","title":{"rendered":"Se abren las inscripciones para el XIX Festival Nacional de la Trova Ciudad de Medell\u00edn"},"content":{"rendered":"<h4>Este a\u00f1o, este evento de la Feria de las Flores contar\u00e1 con tres categor\u00edas: infantil, juvenil y mayores.<\/h4>\n<p>Hasta el 15 de mayo y a trav\u00e9s de una plataforma virtual, los improvisadores de nacionalidad colombiana podr\u00e1n inscribirse en medellin.gov.co\/inscripcionesfestivaltrova.<\/p>\n<p>En 2022, se registraron 335 participantes y el certamen lleg\u00f3 a m\u00e1s de 20.000 personas en sus diferentes instancias.<\/p>\n<p>Desde hoy y hasta el pr\u00f3ximo 15 de mayo estar\u00e1n habilitadas las inscripciones para el XIX Festival Nacional de la Trova Ciudad.<\/p>\n<p>As\u00ed como de Medell\u00edn que re\u00fane a los mejores improvisadores de Colombia en la modalidad de trova tradicional antioque\u00f1a.<\/p>\n<p>Esta competici\u00f3n, que es organizada por el Distrito de Ciencia, Tecnolog\u00eda e Innovaci\u00f3n.<\/p>\n<p>As\u00ed como\u00a0es uno de los eventos centrales de la Feria de las Flores ya que rescata una de las culturas m\u00e1s importantes.<\/p>\n<h4>Esto\u00a0para el departamento y el pa\u00eds.<\/h4>\n<p>Quienes deseen inscribirse podr\u00e1n hacerlo a trav\u00e9s del enlace medellin.gov.co\/inscripcionesfestivaltrova.<\/p>\n<p>Esto\u00a0en tres categor\u00edas: infantil, que va de los 6 a los 12 a\u00f1os cumplidos.<\/p>\n<p>As\u00ed como de juvenil, de los 13 a los 17 a\u00f1os cumplidos; y mayores de 18 a\u00f1os.<\/p>\n<p>\u201cEsto nos va a permitir seguir apost\u00e1ndole a ese reconocimiento del repentismo, del arte de la improvisaci\u00f3n\u201d.<\/p>\n<p>\u201cA\u00a0trav\u00e9s de la m\u00fasica y de toda la idiosincrasia que nuestro pa\u00eds lleva. Invitar a todo el pa\u00eds a que se conecte con la trova\u201d.<\/p>\n<p>\u201cAdem\u00e1s de\u00a0los trovadores del Eje Cafetero, de Cali, de la costa\u201d, afirm\u00f3 el secretario de Cultura Ciudadana, \u00c1lvaro Narv\u00e1ez.<\/p>\n<h4>Festival Nacional de la Trova Ciudad de Medell\u00edn<\/h4>\n<p>Entre las novedades que trae este a\u00f1o el concurso se encuentran el reconocimiento a la mejor trovadora en cada una de las categor\u00edas.<\/p>\n<p>As\u00ed como\u00a0con un incentivo econ\u00f3mico y un trofeo; la conformaci\u00f3n de una mesa t\u00e9cnica para tratar asuntos del festival.<\/p>\n<p>Adem\u00e1s de\u00a0la inclusi\u00f3n de veedores delegados por las escuelas de la trova, con el fin de verificar el buen desarrollo de la competici\u00f3n.<\/p>\n<p>Adem\u00e1s, se tendr\u00e1n talleres y charlas para los participantes y el p\u00fablico en general interesado en el tema y, como cada a\u00f1o.<\/p>\n<p>Al igual de que se realizar\u00e1n las audiciones, clasificatorias, semifinales y final en espacios de ciudad con entrada gratis.<\/p>\n","protected":false},"excerpt":{"rendered":"<p>Este a\u00f1o, este evento de la Feria de las Flores contar\u00e1 con tres categor\u00edas: infantil, juvenil y mayores. Hasta el 15 de mayo y a trav\u00e9s de una plataforma virtual, los improvisadores de nacionalidad colombiana podr\u00e1n inscribirse en medellin.gov.co\/inscripcionesfestivaltrova. En 2022, se registraron 335 participantes y el certamen lleg\u00f3 a m\u00e1s de 20.000 personas en [&hellip;]<\/p>\n","protected":false},"author":1,"featured_media":14852,"comment_status":"open","ping_status":"closed","sticky":false,"template":"","format":"standard","meta":{"footnotes":""},"categories":[2],"tags":[],"class_list":["post-14850","post","type-post","status-publish","format-standard","has-post-thumbnail","hentry","category-cultural"],"_links":{"self":[{"href":"https:\/\/podernacional.com\/index.php?rest_route=\/wp\/v2\/posts\/14850","targetHints":{"allow":["GET"]}}],"collection":[{"href":"https:\/\/podernacional.com\/index.php?rest_route=\/wp\/v2\/posts"}],"about":[{"href":"https:\/\/podernacional.com\/index.php?rest_route=\/wp\/v2\/types\/post"}],"author":[{"embeddable":true,"href":"https:\/\/podernacional.com\/index.php?rest_route=\/wp\/v2\/users\/1"}],"replies":[{"embeddable":true,"href":"https:\/\/podernacional.com\/index.php?rest_route=%2Fwp%2Fv2%2Fcomments&post=14850"}],"version-history":[{"count":1,"href":"https:\/\/podernacional.com\/index.php?rest_route=\/wp\/v2\/posts\/14850\/revisions"}],"predecessor-version":[{"id":14851,"href":"https:\/\/podernacional.com\/index.php?rest_route=\/wp\/v2\/posts\/14850\/revisions\/14851"}],"wp:featuredmedia":[{"embeddable":true,"href":"https:\/\/podernacional.com\/index.php?rest_route=\/wp\/v2\/media\/14852"}],"wp:attachment":[{"href":"https:\/\/podernacional.com\/index.php?rest_route=%2Fwp%2Fv2%2Fmedia&parent=14850"}],"wp:term":[{"taxonomy":"category","embeddable":true,"href":"https:\/\/podernacional.com\/index.php?rest_route=%2Fwp%2Fv2%2Fcategories&post=14850"},{"taxonomy":"post_tag","embeddable":true,"href":"https:\/\/podernacional.com\/index.php?rest_route=%2Fwp%2Fv2%2Ftags&post=14850"}],"curies":[{"name":"wp","href":"https:\/\/api.w.org\/{rel}","templated":true}]}}