{"id":14853,"date":"2023-04-15T14:40:07","date_gmt":"2023-04-15T19:40:07","guid":{"rendered":"https:\/\/podernacional.com\/?p=14853"},"modified":"2023-04-15T19:40:09","modified_gmt":"2023-04-15T19:40:09","slug":"alistan-festival-de-uva-y-vino-en-provincia-vietnamita-de-ninh-thuan","status":"publish","type":"post","link":"https:\/\/podernacional.com\/?p=14853","title":{"rendered":"Alistan Festival de Uva y Vino en provincia vietnamita de Ninh Thuan"},"content":{"rendered":"<h4>Los preparativos para una nueva edici\u00f3n del Festival de Uva y Vino avanzan hoy en la central provincia vietnamita de Ninh Thuan.<\/h4>\n<p>El cual\u00a0que busca convertir el turismo en un sector econ\u00f3mico clave en el per\u00edodo 2021-2025.<\/p>\n<p>La cita transcurrir\u00e1 del 13 al 18 de junio pr\u00f3ximo y seg\u00fan sus organizadores tiene el prop\u00f3sito de honrar los valores de esa fruta.<\/p>\n<p>As\u00ed como de\u00a0promover el intercambio comercial y ofrecer una buena oportunidad para atraer inversiones hacia la localidad.<\/p>\n<p>Este a\u00f1o, adem\u00e1s, en ocasi\u00f3n del festejo se entregar\u00e1 el certificado de la Unesco que reconoce el arte de la alfarer\u00eda de la etnia Cham.<\/p>\n<p>Esto\u00a0como Patrimonio Cultural Inmaterial en Necesidad de Salvaguardia Urgente.<\/p>\n<p>El programa de actividades del Festival de Uva y Vino 2023 contempla la realizaci\u00f3n de un seminario.<\/p>\n<h4>Esto en el que productores de esta fruta y de vino.<\/h4>\n<p>Adem\u00e1s de\u00a0empresarios y especialistas compartir\u00e1n experiencias sobre el desarrollo de los valores de la vid.<\/p>\n<p>Tambi\u00e9n se desarrollar\u00e1n, entre otros, un taller sobre la preservaci\u00f3n del arte de la alfarer\u00eda de la etnia Cham, un festival de cocina local.<\/p>\n<p>El cual es\u00a0una carrera de autos y motocicletas todoterreno en las dunas de arena, y visitas al pueblo de cer\u00e1mica Bau Truc.<\/p>\n<p>Adem\u00e1s que al parque nacional Nui Chua, Reserva Mundial de la Biosfera.<\/p>\n<p>Ninh Thuan es una provincia costera del centro sur de Vietnam cuyo clima c\u00e1lido y seco,\u00a0el suelo arenoso favorecen el desarrollo de la vid.<\/p>\n<p>Con esto fue\u00a0introducida all\u00ed en 1960 y que hoy constituye un producto agr\u00edcola clave en la regi\u00f3n.<\/p>\n<p>As\u00ed como\u00a0con una superficie de cultivo estimada en alrededor de mil hect\u00e1reas.<\/p>\n<p>La uva de Ninh Thuan fue certificada para indicaci\u00f3n geogr\u00e1fica por la Oficina Nacional de Propiedad Intelectual.<\/p>\n<p>Con esto se prev\u00e9 que este a\u00f1o la cosecha supere las 27 mil 600 toneladas.<\/p>\n","protected":false},"excerpt":{"rendered":"<p>Los preparativos para una nueva edici\u00f3n del Festival de Uva y Vino avanzan hoy en la central provincia vietnamita de Ninh Thuan. El cual\u00a0que busca convertir el turismo en un sector econ\u00f3mico clave en el per\u00edodo 2021-2025. La cita transcurrir\u00e1 del 13 al 18 de junio pr\u00f3ximo y seg\u00fan sus organizadores tiene el prop\u00f3sito de [&hellip;]<\/p>\n","protected":false},"author":1,"featured_media":14855,"comment_status":"open","ping_status":"closed","sticky":false,"template":"","format":"standard","meta":{"footnotes":""},"categories":[4],"tags":[],"class_list":["post-14853","post","type-post","status-publish","format-standard","has-post-thumbnail","hentry","category-espectaculos"],"_links":{"self":[{"href":"https:\/\/podernacional.com\/index.php?rest_route=\/wp\/v2\/posts\/14853","targetHints":{"allow":["GET"]}}],"collection":[{"href":"https:\/\/podernacional.com\/index.php?rest_route=\/wp\/v2\/posts"}],"about":[{"href":"https:\/\/podernacional.com\/index.php?rest_route=\/wp\/v2\/types\/post"}],"author":[{"embeddable":true,"href":"https:\/\/podernacional.com\/index.php?rest_route=\/wp\/v2\/users\/1"}],"replies":[{"embeddable":true,"href":"https:\/\/podernacional.com\/index.php?rest_route=%2Fwp%2Fv2%2Fcomments&post=14853"}],"version-history":[{"count":1,"href":"https:\/\/podernacional.com\/index.php?rest_route=\/wp\/v2\/posts\/14853\/revisions"}],"predecessor-version":[{"id":14854,"href":"https:\/\/podernacional.com\/index.php?rest_route=\/wp\/v2\/posts\/14853\/revisions\/14854"}],"wp:featuredmedia":[{"embeddable":true,"href":"https:\/\/podernacional.com\/index.php?rest_route=\/wp\/v2\/media\/14855"}],"wp:attachment":[{"href":"https:\/\/podernacional.com\/index.php?rest_route=%2Fwp%2Fv2%2Fmedia&parent=14853"}],"wp:term":[{"taxonomy":"category","embeddable":true,"href":"https:\/\/podernacional.com\/index.php?rest_route=%2Fwp%2Fv2%2Fcategories&post=14853"},{"taxonomy":"post_tag","embeddable":true,"href":"https:\/\/podernacional.com\/index.php?rest_route=%2Fwp%2Fv2%2Ftags&post=14853"}],"curies":[{"name":"wp","href":"https:\/\/api.w.org\/{rel}","templated":true}]}}