{"id":14865,"date":"2023-04-15T14:53:50","date_gmt":"2023-04-15T19:53:50","guid":{"rendered":"https:\/\/podernacional.com\/?p=14865"},"modified":"2023-04-15T19:53:52","modified_gmt":"2023-04-15T19:53:52","slug":"cuatro-de-cada-10-empresas-del-sur-de-q-roo-cerraran-por-deudas","status":"publish","type":"post","link":"https:\/\/podernacional.com\/?p=14865","title":{"rendered":"Cuatro de cada 10 empresas del sur de Q. Roo cerrar\u00e1n por deudas"},"content":{"rendered":"<h4>El cierre de los negocios dejar\u00eda a m\u00e1s de cinco mil personas sin trabajo, advierten c\u00e1maras empresariales.<\/h4>\n<p>Cuatro de cada 10 micro, peque\u00f1as y medianas empresas del sur del Quintana Roo se encuentran en riesgo de cerrar definitivamente.<\/p>\n<p>El cual es debido a las deudas que a\u00fan arrastran desde la pandemia de COVID-19.<\/p>\n<p>Organismos empresariales como la C\u00e1mara Nacional de la industria de la Transformaci\u00f3n (Canacintra).<\/p>\n<p>Adem\u00e1s de que advierten que si este sector no obtiene facilidades para acceder a los programas de financiamiento.<\/p>\n<p>As\u00ed como\u00a0que los gobiernos estatal y federal han puesto en marcha, m\u00e1s de 810 negocios.<\/p>\n<p>Adem\u00e1s de\u00a05 mil 800 empleos se van a perder en el lapso del siguiente a\u00f1o.<\/p>\n<p>\u201cMuchos de estos empresarios o peque\u00f1os comerciantes adquirieron compromisos financieros con los bancos\u201d.<\/p>\n<h4>\u201cAs\u00ed como\u00a0para poder cumplir con el pago de sus n\u00f3minas\u201d.<\/h4>\n<p>\u201cLamentablemente las tasas de inter\u00e9s que les est\u00e1n cobrando son muy altas y por eso muchos no han logrado liquidarlas\u201d.<\/p>\n<p>O bien\u00a0se quedaron sin liquidez al destinar la mayor parte de sus ingresos a estas deudas\u201d.<\/p>\n<p>Puntualiz\u00f3 que en este sentido est\u00e1n llevando a cabo acercamientos con el Gobierno del Estado para acceder a una bolsa de financiamiento.<\/p>\n<p>El cual es\u00a0de 40 \u00a0millones de pesos, la cual ayudar\u00eda a palear la situaci\u00f3n.<\/p>\n<p>Por su parte el Presidente de la C\u00e1mara Nacional del Comercio, Servicio y Turismo (Canaco-Servytur) delegaci\u00f3n Chetumal, Amir Padilla Espadas.<\/p>\n<p>As\u00ed como que\u00a0consider\u00f3 que el principal problema es que no todo el sector comercial del sur del Estado.<\/p>\n<p>Adem\u00e1s de que a\u00fan no ha registrado la \u201crecuperaci\u00f3n econ\u00f3mica\u201d que inici\u00f3 desde el 2021 en los municipios tur\u00edsticos de la entidad.<\/p>\n<p>Aunque a\u00fan existe la esperanza de que el proyecto del Tren Maya traiga el dinamismo econ\u00f3mico a la regi\u00f3n.<\/p>\n<p>As\u00ed como que\u00a0advirti\u00f3 que ser\u00e1 necesario implementar estrategias que permita aumentar la demanda de los negocios locales.<\/p>\n<p>\u201cTenemos a\u00fan pendiente el tema de la zona libre, los del Parque Industrial, que realmente podr\u00edan detonar esta parte de la entidad\u201d.<\/p>\n<p>\u201cPero se tiene que hacer ya, porque muchas empresas tienen ya los d\u00edas contados por culpa de las deudas\u201d.<\/p>\n","protected":false},"excerpt":{"rendered":"<p>El cierre de los negocios dejar\u00eda a m\u00e1s de cinco mil personas sin trabajo, advierten c\u00e1maras empresariales. Cuatro de cada 10 micro, peque\u00f1as y medianas empresas del sur del Quintana Roo se encuentran en riesgo de cerrar definitivamente. El cual es debido a las deudas que a\u00fan arrastran desde la pandemia de COVID-19. Organismos empresariales [&hellip;]<\/p>\n","protected":false},"author":1,"featured_media":14867,"comment_status":"open","ping_status":"closed","sticky":false,"template":"","format":"standard","meta":{"footnotes":""},"categories":[10],"tags":[],"class_list":["post-14865","post","type-post","status-publish","format-standard","has-post-thumbnail","hentry","category-quintana-roo"],"_links":{"self":[{"href":"https:\/\/podernacional.com\/index.php?rest_route=\/wp\/v2\/posts\/14865","targetHints":{"allow":["GET"]}}],"collection":[{"href":"https:\/\/podernacional.com\/index.php?rest_route=\/wp\/v2\/posts"}],"about":[{"href":"https:\/\/podernacional.com\/index.php?rest_route=\/wp\/v2\/types\/post"}],"author":[{"embeddable":true,"href":"https:\/\/podernacional.com\/index.php?rest_route=\/wp\/v2\/users\/1"}],"replies":[{"embeddable":true,"href":"https:\/\/podernacional.com\/index.php?rest_route=%2Fwp%2Fv2%2Fcomments&post=14865"}],"version-history":[{"count":1,"href":"https:\/\/podernacional.com\/index.php?rest_route=\/wp\/v2\/posts\/14865\/revisions"}],"predecessor-version":[{"id":14866,"href":"https:\/\/podernacional.com\/index.php?rest_route=\/wp\/v2\/posts\/14865\/revisions\/14866"}],"wp:featuredmedia":[{"embeddable":true,"href":"https:\/\/podernacional.com\/index.php?rest_route=\/wp\/v2\/media\/14867"}],"wp:attachment":[{"href":"https:\/\/podernacional.com\/index.php?rest_route=%2Fwp%2Fv2%2Fmedia&parent=14865"}],"wp:term":[{"taxonomy":"category","embeddable":true,"href":"https:\/\/podernacional.com\/index.php?rest_route=%2Fwp%2Fv2%2Fcategories&post=14865"},{"taxonomy":"post_tag","embeddable":true,"href":"https:\/\/podernacional.com\/index.php?rest_route=%2Fwp%2Fv2%2Ftags&post=14865"}],"curies":[{"name":"wp","href":"https:\/\/api.w.org\/{rel}","templated":true}]}}