{"id":14880,"date":"2023-04-17T20:30:58","date_gmt":"2023-04-18T01:30:58","guid":{"rendered":"https:\/\/podernacional.com\/?p=14880"},"modified":"2023-04-17T03:26:26","modified_gmt":"2023-04-17T03:26:26","slug":"vela-rompe-marca-historica-en-clasico-del-trafico-2","status":"publish","type":"post","link":"https:\/\/podernacional.com\/?p=14880","title":{"rendered":"Vela rompe marca hist\u00f3rica en Cl\u00e1sico del Tr\u00e1fico"},"content":{"rendered":"<p>El futbolista mexicano Carlos Vela anot\u00f3 dos goles en el triunfo 3-2 del LAFC en el Cl\u00e1sico del Tr\u00e1fico ante el LA Galaxy de la MLS, por lo que se ha convertido en el m\u00e1ximo anotador en la historia del duelo.<\/p>\n<p>Con sus dos anotaciones en el compromiso, lleg\u00f3 a las diez dianas en la historia del cl\u00e1sico y super\u00f3 a Zlatan Ibrahimovic, quien marc\u00f3 en ocho ocasiones.<\/p>\n<p>El LAFC contin\u00faa siendo el \u00fanico invicto de la MLS con cinco triunfos y dos empates en siete partidos, lo que lo ubica en la segunda posici\u00f3n de la Conferencia Oeste. Por su parte, Carlos Vela acumula tres goles en la actual temporada.<\/p>\n<p>Por otro lado, Chicharito Hern\u00e1ndez regres\u00f3 a la titularidad despu\u00e9s de sufrir una lesi\u00f3n que le impidi\u00f3 arrancar la campa\u00f1a; Galaxy sigue sin ganar en la presente temporada.<\/p>\n","protected":false},"excerpt":{"rendered":"<p>El futbolista mexicano Carlos Vela anot\u00f3 dos goles en el triunfo 3-2 del LAFC en el Cl\u00e1sico del Tr\u00e1fico ante el LA Galaxy de la MLS, por lo que se ha convertido en el m\u00e1ximo anotador en la historia del duelo. Con sus dos anotaciones en el compromiso, lleg\u00f3 a las diez dianas en la [&hellip;]<\/p>\n","protected":false},"author":1,"featured_media":14882,"comment_status":"open","ping_status":"closed","sticky":false,"template":"","format":"standard","meta":{"footnotes":""},"categories":[3],"tags":[],"class_list":["post-14880","post","type-post","status-publish","format-standard","has-post-thumbnail","hentry","category-deportes"],"_links":{"self":[{"href":"https:\/\/podernacional.com\/index.php?rest_route=\/wp\/v2\/posts\/14880","targetHints":{"allow":["GET"]}}],"collection":[{"href":"https:\/\/podernacional.com\/index.php?rest_route=\/wp\/v2\/posts"}],"about":[{"href":"https:\/\/podernacional.com\/index.php?rest_route=\/wp\/v2\/types\/post"}],"author":[{"embeddable":true,"href":"https:\/\/podernacional.com\/index.php?rest_route=\/wp\/v2\/users\/1"}],"replies":[{"embeddable":true,"href":"https:\/\/podernacional.com\/index.php?rest_route=%2Fwp%2Fv2%2Fcomments&post=14880"}],"version-history":[{"count":1,"href":"https:\/\/podernacional.com\/index.php?rest_route=\/wp\/v2\/posts\/14880\/revisions"}],"predecessor-version":[{"id":14881,"href":"https:\/\/podernacional.com\/index.php?rest_route=\/wp\/v2\/posts\/14880\/revisions\/14881"}],"wp:featuredmedia":[{"embeddable":true,"href":"https:\/\/podernacional.com\/index.php?rest_route=\/wp\/v2\/media\/14882"}],"wp:attachment":[{"href":"https:\/\/podernacional.com\/index.php?rest_route=%2Fwp%2Fv2%2Fmedia&parent=14880"}],"wp:term":[{"taxonomy":"category","embeddable":true,"href":"https:\/\/podernacional.com\/index.php?rest_route=%2Fwp%2Fv2%2Fcategories&post=14880"},{"taxonomy":"post_tag","embeddable":true,"href":"https:\/\/podernacional.com\/index.php?rest_route=%2Fwp%2Fv2%2Ftags&post=14880"}],"curies":[{"name":"wp","href":"https:\/\/api.w.org\/{rel}","templated":true}]}}