{"id":14900,"date":"2023-04-17T17:28:35","date_gmt":"2023-04-17T22:28:35","guid":{"rendered":"https:\/\/podernacional.com\/?p=14900"},"modified":"2023-04-17T22:28:37","modified_gmt":"2023-04-17T22:28:37","slug":"cierra-con-exito-el-16-festival-de-jazz-de-polanco","status":"publish","type":"post","link":"https:\/\/podernacional.com\/?p=14900","title":{"rendered":"Cierra con \u00e9xito el 16 Festival de Jazz de Polanco"},"content":{"rendered":"<h4>El Festival de Jazz de Polanco se llev\u00f3 a cabo en el Teatro \u00c1ngela Peralta, en el Parque Lincoln &#8211; Rosario Servin<\/h4>\n<p>El espacio al aire libre, en el Parque Lincoln, luci\u00f3 abarrotado para vivir la segunda jornada del encuentro.<\/p>\n<p>El cual fue que reuni\u00f3 a estrellas del g\u00e9nero en nuestra regi\u00f3n, desde Joao Henrique hasta Louise Phelan.<\/p>\n<p>El jazz es un mundo de posibilidades.<\/p>\n<p>Una de las bondades del jazz es que, m\u00e1s que un g\u00e9nero, se le puede concebir como un espacio perfecto para la comuni\u00f3n de g\u00e9neros.<\/p>\n<p>En su libro Musicofilia, el neur\u00f3logo Oliver Sacks retom\u00f3 al escritor de ciencia ficci\u00f3n Arthur C. Clarke, quien.<\/p>\n<p>Esto, en su libro El fin de la infancia (1953), parafraseando, reflexionaba sobre lo curioso que podr\u00eda resultar para una especie extraterrestre superior.<\/p>\n<p>El cual es de\u00a0observar c\u00f3mo toda una poblaci\u00f3n, de miles de millones de individuos,.<\/p>\n<p>Con esto disfruta de escuchar pautas tonales probablemente sin sentido para aquella inteligencia de otro tipo.<\/p>\n<p>Adem\u00e1s de\u00a0que no deja de sorprenderse de c\u00f3mo el llamado ser humano dedica gran parte de su tiempo a eso que llama m\u00fasica.<\/p>\n<h4>A citar:<\/h4>\n<p>\u201cSi los Superse\u00f1ores de Arthur C. Clarke se quedaron at\u00f3nitos cuando aterrizaron en la Tierra y observaron cu\u00e1nta energ\u00eda\u201d.<\/p>\n<p>\u201cEl cual es de\u00a0quien dedica nuestra especie a crear y escuchar m\u00fasica, se habr\u00edan quedado estupefactos al comprender que\u201d.<\/p>\n<p>\u201cA\u00fan en ausencia de fuentes externas, casi todos tenemos m\u00fasica sonando sin cesar dentro de nuestras cabezas\u201d.<\/p>\n<p>Dicha referencia queda como anillo al dedo para hablar sobre las posibilidades del jazz.<\/p>\n<p>As\u00ed\u00a0c\u00f3mo este g\u00e9nero es perfecto para echar a volar toda esa capacidad creativa tonal, propia de nuestra especie.<\/p>\n<p>As\u00ed qued\u00f3 sentado la tarde de este domingo, en la segunda y \u00faltima jornada de la decimosexta edici\u00f3n del Festival de Jazz de Polanco.<\/p>\n<p>El cual\u00a0que puso en o\u00eddos de todos los asistentes al Teatro \u00c1ngela Peralta, en el Parque Lincoln, un abanico de jazz en toda su riquezas.<\/p>\n<p>As\u00ed como de sus posibilidades de fusi\u00f3n con el blues, la m\u00fasica caribe\u00f1a, el bossa nova.<\/p>\n<p>Adem\u00e1s del funk, la psicodelia, el son jarocho, el flamenco, en fin.<\/p>\n<p>Todo ese maridaje que solo el jazz, en particular aquel que se ejecuta en vivo, puede permitirse.<\/p>\n<p>Un domingo para el blues<\/p>\n<p>Este domingo, desde las primeras horas del encuentro, las gradas del \u00c1ngela Peralta estaban pr\u00e1cticamente llenas.<\/p>\n<p>Adem\u00e1s del\u00a0porque se abri\u00f3 fuerte, como una continuaci\u00f3n natural de la vara tan alta que dejaron las agrupaciones que se presentaron el d\u00eda anterior.<\/p>\n<p>&nbsp;<\/p>\n","protected":false},"excerpt":{"rendered":"<p>El Festival de Jazz de Polanco se llev\u00f3 a cabo en el Teatro \u00c1ngela Peralta, en el Parque Lincoln &#8211; Rosario Servin El espacio al aire libre, en el Parque Lincoln, luci\u00f3 abarrotado para vivir la segunda jornada del encuentro. El cual fue que reuni\u00f3 a estrellas del g\u00e9nero en nuestra regi\u00f3n, desde Joao Henrique [&hellip;]<\/p>\n","protected":false},"author":1,"featured_media":14902,"comment_status":"open","ping_status":"closed","sticky":false,"template":"","format":"standard","meta":{"footnotes":""},"categories":[2],"tags":[],"class_list":["post-14900","post","type-post","status-publish","format-standard","has-post-thumbnail","hentry","category-cultural"],"_links":{"self":[{"href":"https:\/\/podernacional.com\/index.php?rest_route=\/wp\/v2\/posts\/14900","targetHints":{"allow":["GET"]}}],"collection":[{"href":"https:\/\/podernacional.com\/index.php?rest_route=\/wp\/v2\/posts"}],"about":[{"href":"https:\/\/podernacional.com\/index.php?rest_route=\/wp\/v2\/types\/post"}],"author":[{"embeddable":true,"href":"https:\/\/podernacional.com\/index.php?rest_route=\/wp\/v2\/users\/1"}],"replies":[{"embeddable":true,"href":"https:\/\/podernacional.com\/index.php?rest_route=%2Fwp%2Fv2%2Fcomments&post=14900"}],"version-history":[{"count":1,"href":"https:\/\/podernacional.com\/index.php?rest_route=\/wp\/v2\/posts\/14900\/revisions"}],"predecessor-version":[{"id":14901,"href":"https:\/\/podernacional.com\/index.php?rest_route=\/wp\/v2\/posts\/14900\/revisions\/14901"}],"wp:featuredmedia":[{"embeddable":true,"href":"https:\/\/podernacional.com\/index.php?rest_route=\/wp\/v2\/media\/14902"}],"wp:attachment":[{"href":"https:\/\/podernacional.com\/index.php?rest_route=%2Fwp%2Fv2%2Fmedia&parent=14900"}],"wp:term":[{"taxonomy":"category","embeddable":true,"href":"https:\/\/podernacional.com\/index.php?rest_route=%2Fwp%2Fv2%2Fcategories&post=14900"},{"taxonomy":"post_tag","embeddable":true,"href":"https:\/\/podernacional.com\/index.php?rest_route=%2Fwp%2Fv2%2Ftags&post=14900"}],"curies":[{"name":"wp","href":"https:\/\/api.w.org\/{rel}","templated":true}]}}