{"id":14903,"date":"2023-04-17T17:30:22","date_gmt":"2023-04-17T22:30:22","guid":{"rendered":"https:\/\/podernacional.com\/?p=14903"},"modified":"2023-04-17T22:30:23","modified_gmt":"2023-04-17T22:30:23","slug":"festival-internacional-san-luis-en-primavera-cierra-con-un-total-de-200-mil-asistentes","status":"publish","type":"post","link":"https:\/\/podernacional.com\/?p=14903","title":{"rendered":"Festival Internacional San Luis en Primavera cierra con un total de 200 mil asistentes"},"content":{"rendered":"<h4>Susana Zabaleta, Ra\u00fal di Blasio y Francisco C\u00e9spedes deleitaron a la Plaza de Fundadores y cerraron con broche de oro este festival. As\u00ed se vivi\u00f3.<\/h4>\n<p>Con lleno total, en la Plaza de los Fundadores este s\u00e1bado se realiz\u00f3 la clausura del II Festival Internacional San Luis en Primavera.<\/p>\n<p>Esto\u00a0con la presentaci\u00f3n estelar del espect\u00e1culo \u201cSe me antoja tu vida\u201d, de Susana Zabaleta, Francisco C\u00e9spedes y Ra\u00fal di Blasio.<\/p>\n<p>Durante los 15 d\u00edas de actividades, el Festival 2023 registr\u00f3 m\u00e1s de 200 mil asistentes.<\/p>\n<p>En este cierre con broche de oro, Susana Zabaleta, Ra\u00fal di Blasio y Francisco C\u00e9spedes mostraron su enorme calidad musical al p\u00fablico.<\/p>\n<p>Lugar en\u00a0San Luis Potos\u00ed y muchas otras partes de M\u00e9xico y el mundo, que disfrutaron los grandes \u00e9xitos de estos artistas en la explanada principal.<\/p>\n<p>Susana Zabaleta, Ra\u00fal di Blasio y Francisco C\u00e9spedes<\/p>\n<p>Cabe destacar que en este segundo Festival Internacional San Luis en Primavera se presentaron artistas de la talla de:<\/p>\n<p>Mijares, Napole\u00f3n, los \u00c1ngeles Azules y Caloncho, as\u00ed como tambi\u00e9n grupos musicales y teatrales\u00a0locales y de la regi\u00f3n.<\/p>\n<h4>En ese sentido, el recuento oficial de esta edici\u00f3n fue de:<\/h4>\n<p>M\u00e1s de 200 mil asistentes<\/p>\n<p>Actividades en 13 sedes distintas<\/p>\n<p>M\u00e1s de 80 eventos culturales<\/p>\n<p>750 artistas en escena<\/p>\n<p>En la ceremonia de clausura, el alcalde Enrique Galindo, agradeci\u00f3 al Cabildo de la Capital, el DIF Municipal, las Direcciones de Cultura, Turismo y Deporte.<\/p>\n<p>As\u00ed como al Congreso Local, la Guardia Nacional y los representantes de la ciudad hermana de Pico Rivera, California.<\/p>\n<p>Clausura Festival<\/p>\n<p>Finalmente, Galindo Ceballos adelant\u00f3 que desde la clausura de esta edici\u00f3n.<\/p>\n<p>Con esto se comenzar\u00e1 a trabajar con la el III Festival Internacional San Luis en Primavera 2024.<\/p>\n","protected":false},"excerpt":{"rendered":"<p>Susana Zabaleta, Ra\u00fal di Blasio y Francisco C\u00e9spedes deleitaron a la Plaza de Fundadores y cerraron con broche de oro este festival. As\u00ed se vivi\u00f3. Con lleno total, en la Plaza de los Fundadores este s\u00e1bado se realiz\u00f3 la clausura del II Festival Internacional San Luis en Primavera. Esto\u00a0con la presentaci\u00f3n estelar del espect\u00e1culo \u201cSe [&hellip;]<\/p>\n","protected":false},"author":1,"featured_media":14905,"comment_status":"open","ping_status":"closed","sticky":false,"template":"","format":"standard","meta":{"footnotes":""},"categories":[4],"tags":[],"class_list":["post-14903","post","type-post","status-publish","format-standard","has-post-thumbnail","hentry","category-espectaculos"],"_links":{"self":[{"href":"https:\/\/podernacional.com\/index.php?rest_route=\/wp\/v2\/posts\/14903","targetHints":{"allow":["GET"]}}],"collection":[{"href":"https:\/\/podernacional.com\/index.php?rest_route=\/wp\/v2\/posts"}],"about":[{"href":"https:\/\/podernacional.com\/index.php?rest_route=\/wp\/v2\/types\/post"}],"author":[{"embeddable":true,"href":"https:\/\/podernacional.com\/index.php?rest_route=\/wp\/v2\/users\/1"}],"replies":[{"embeddable":true,"href":"https:\/\/podernacional.com\/index.php?rest_route=%2Fwp%2Fv2%2Fcomments&post=14903"}],"version-history":[{"count":1,"href":"https:\/\/podernacional.com\/index.php?rest_route=\/wp\/v2\/posts\/14903\/revisions"}],"predecessor-version":[{"id":14904,"href":"https:\/\/podernacional.com\/index.php?rest_route=\/wp\/v2\/posts\/14903\/revisions\/14904"}],"wp:featuredmedia":[{"embeddable":true,"href":"https:\/\/podernacional.com\/index.php?rest_route=\/wp\/v2\/media\/14905"}],"wp:attachment":[{"href":"https:\/\/podernacional.com\/index.php?rest_route=%2Fwp%2Fv2%2Fmedia&parent=14903"}],"wp:term":[{"taxonomy":"category","embeddable":true,"href":"https:\/\/podernacional.com\/index.php?rest_route=%2Fwp%2Fv2%2Fcategories&post=14903"},{"taxonomy":"post_tag","embeddable":true,"href":"https:\/\/podernacional.com\/index.php?rest_route=%2Fwp%2Fv2%2Ftags&post=14903"}],"curies":[{"name":"wp","href":"https:\/\/api.w.org\/{rel}","templated":true}]}}