{"id":14906,"date":"2023-04-17T17:32:02","date_gmt":"2023-04-17T22:32:02","guid":{"rendered":"https:\/\/podernacional.com\/?p=14906"},"modified":"2023-04-17T22:32:03","modified_gmt":"2023-04-17T22:32:03","slug":"champions-league-2023-presentan-el-primer-fan-festival-en-la-ciudad-de-mexico-cuando-es","status":"publish","type":"post","link":"https:\/\/podernacional.com\/?p=14906","title":{"rendered":"Champions League 2023: Presentan el primer Fan Festival en la Ciudad de M\u00e9xico, \u00bfcu\u00e1ndo es?"},"content":{"rendered":"<h4>Anunci\u00f3 de manera oficial la primera edici\u00f3n del Fan Festival de la Champions League en la Ciudad de M\u00e9xico y dieron a conocer las actividades.<\/h4>\n<p>La Champions League es uno de los torneos m\u00e1s seguidos alrededor del mundo y en M\u00e9xico no es la excepci\u00f3n.<\/p>\n<p>Por lo que los responsables de llevar el torneo en el pa\u00eds hicieron oficial el Fan Festival que se llevar\u00e1 a acabo en la CDMX.<\/p>\n<p>Esto\u00a0por primera vez en la historia y te decimos todo lo que debes saber.<\/p>\n<p>Este evento se llevar\u00e1 a cabo el d\u00eda de la final donde se entregar\u00e1 la \u2018Orejona\u2019, transmitir\u00e1 el encuentro que se realizar\u00e1 en Turqu\u00eda, Estambul.<\/p>\n<p>Lugar en\u00a0donde tendr\u00e1 el atractivo de que ser\u00e1 el \u00fanico evento oficial en el mundo.<\/p>\n<p>Adem\u00e1s de\u00a0que se llevar\u00e1 a cabo en el Hip\u00f3dromo de las Am\u00e9ricas.<\/p>\n<p>Esta ser\u00e1 la segunda ocasi\u00f3n en la que el \u00faltimo encuentro del mejor torneo a nivel de clubes del mundo se disfrute en el pa\u00eds.<\/p>\n<p>Ya que en el 2022 se llev\u00f3 a cabo en la ciudad de Quer\u00e9taro, ya que debido a las limitaciones de la pandemia.<\/p>\n<p>As\u00ed mismo de que\u00a0no se pudo llevar al centro del pa\u00eds desde el 2019.<\/p>\n<p>Fue Mauricio Torres, CEO y socio director de ACEPublicidad, quien dio a conocer la llegada del Fan Festival de la Champions League.<\/p>\n<p>Esto\u00a0en la Ciudad de M\u00e9xico, que promete realizar diferentes actividades para que los 10,000 mil aficionados que se esperan puedan tener una experiencia completa.<\/p>\n<h4>Fan Fest de la Champions League 2023<\/h4>\n<p>La Final de la Champions League 2022-2023 se llevar\u00e1 a cabo en Estambul. (@championsleage)<\/p>\n<p>Al igual que como pas\u00f3 en Quer\u00e9taro.<\/p>\n<p>El cual habr\u00e1 m\u00e1s de 15 diferentes pruebas para los seguidores del futbol donde demostrar\u00e1n sus habilidades con el bal\u00f3n.<\/p>\n<p>As\u00ed como de sus conocimientos del torneo, donde habr\u00e1 diferentes premios, \u00e1rea de ni\u00f1os.<\/p>\n<p>Adem\u00e1s de una pantalla gigante en donde se disfrutar\u00e1 de la gran Final.<\/p>\n<p>Por otra parte, los organizadores prometieron la presencia de un embajador de la UEFA.<\/p>\n<p>Lugar, en donde, a pesar de que no mencionaron el nombre.<\/p>\n<p>Con esto seguraron que ser\u00e1 un multicampe\u00f3n e internacional retirado como fue Rafael M\u00e1rquez en la edici\u00f3n de 2022.<\/p>\n<h4>\u00bfCu\u00e1ndo ser\u00e1 el Fan Festival de la Champions League?<\/h4>\n<p>La final del torneo se llevar\u00e1 a cabo el s\u00e1bado 10 de junio.<\/p>\n<p>Esto\u00a0d\u00eda en que el Hip\u00f3dromo de las Am\u00e9ricas abrir\u00e1 sus puertas para los aficionados.<\/p>\n<p>Los cuales\u00a0podr\u00e1n entrar desde las 10 de la ma\u00f1ana y concluir\u00e1 a las 9 de la noche.<\/p>\n<p>Lugar en\u00a0donde se podr\u00e1 disfrutar de todas las actividades.<\/p>\n<p>Fan Fest Champions League CDMX<\/p>\n<p>Los precios para entrar al Fan Festival de la Champions League ser\u00e1n de 500 pesos para la entrada general y de 3,500 pesos para el VIP.<\/p>\n<p>Adem\u00e1s de\u00a0que se podr\u00e1n adquirir en l\u00ednea desde la p\u00e1gina feverup.com y en f\u00edsico en las taquillas del Hip\u00f3dromo de las Am\u00e9ricas.<\/p>\n<p>Adem\u00e1s de que ni\u00f1os menores de 8 a\u00f1os entran gratis.<\/p>\n","protected":false},"excerpt":{"rendered":"<p>Anunci\u00f3 de manera oficial la primera edici\u00f3n del Fan Festival de la Champions League en la Ciudad de M\u00e9xico y dieron a conocer las actividades. La Champions League es uno de los torneos m\u00e1s seguidos alrededor del mundo y en M\u00e9xico no es la excepci\u00f3n. Por lo que los responsables de llevar el torneo en [&hellip;]<\/p>\n","protected":false},"author":1,"featured_media":14908,"comment_status":"open","ping_status":"closed","sticky":false,"template":"","format":"standard","meta":{"footnotes":""},"categories":[2],"tags":[],"class_list":["post-14906","post","type-post","status-publish","format-standard","has-post-thumbnail","hentry","category-cultural"],"_links":{"self":[{"href":"https:\/\/podernacional.com\/index.php?rest_route=\/wp\/v2\/posts\/14906","targetHints":{"allow":["GET"]}}],"collection":[{"href":"https:\/\/podernacional.com\/index.php?rest_route=\/wp\/v2\/posts"}],"about":[{"href":"https:\/\/podernacional.com\/index.php?rest_route=\/wp\/v2\/types\/post"}],"author":[{"embeddable":true,"href":"https:\/\/podernacional.com\/index.php?rest_route=\/wp\/v2\/users\/1"}],"replies":[{"embeddable":true,"href":"https:\/\/podernacional.com\/index.php?rest_route=%2Fwp%2Fv2%2Fcomments&post=14906"}],"version-history":[{"count":1,"href":"https:\/\/podernacional.com\/index.php?rest_route=\/wp\/v2\/posts\/14906\/revisions"}],"predecessor-version":[{"id":14907,"href":"https:\/\/podernacional.com\/index.php?rest_route=\/wp\/v2\/posts\/14906\/revisions\/14907"}],"wp:featuredmedia":[{"embeddable":true,"href":"https:\/\/podernacional.com\/index.php?rest_route=\/wp\/v2\/media\/14908"}],"wp:attachment":[{"href":"https:\/\/podernacional.com\/index.php?rest_route=%2Fwp%2Fv2%2Fmedia&parent=14906"}],"wp:term":[{"taxonomy":"category","embeddable":true,"href":"https:\/\/podernacional.com\/index.php?rest_route=%2Fwp%2Fv2%2Fcategories&post=14906"},{"taxonomy":"post_tag","embeddable":true,"href":"https:\/\/podernacional.com\/index.php?rest_route=%2Fwp%2Fv2%2Ftags&post=14906"}],"curies":[{"name":"wp","href":"https:\/\/api.w.org\/{rel}","templated":true}]}}