{"id":14909,"date":"2023-04-17T17:34:37","date_gmt":"2023-04-17T22:34:37","guid":{"rendered":"https:\/\/podernacional.com\/?p=14909"},"modified":"2023-04-17T22:34:38","modified_gmt":"2023-04-17T22:34:38","slug":"mas-de-un-millon-de-visitantes-en-periodo-vacacional-de-semana-santa-disfrutaron-de-las-bellezas-de-quintana-roo","status":"publish","type":"post","link":"https:\/\/podernacional.com\/?p=14909","title":{"rendered":"M\u00e1s de un mill\u00f3n de visitantes en periodo vacacional de Semana Santa disfrutaron de las bellezas de Quintana Roo"},"content":{"rendered":"<h4>Se distingue como el principal destino de M\u00e9xico y Latinoam\u00e9rica y cuyos resultados traen bienestar social y prosperidad compartida a las familias quintanarroenses.<\/h4>\n<p>Con la llegada de un mill\u00f3n 37 mil ocho turistas, cerr\u00f3 el periodo vacacional de Semana Santa y Pascua el Caribe Mexicano.<\/p>\n<p>Lo que distingue a Quintana Roo como el principal destino de M\u00e9xico y Latinoam\u00e9rica.<\/p>\n<p>Del 1 al 14 de abril que comprendi\u00f3 el periodo vacacional, Quintana Roo se distingui\u00f3 en recibir a los visitantes nacionales y extranjeros.<\/p>\n<p>Esto\u00a0gracias a la construcci\u00f3n del nuevo modelo tur\u00edstico, que permite diversificar y fortalecer esta importante actividad.<\/p>\n<p>Adem\u00e1s de\u00a0que sus beneficios lleguen a todas las comunidades de la entidad.<\/p>\n<p>El cual principalmente aquellas de la zona maya como se establece en el Nuevo Acuerdo por el Bienestar y Desarrollo.<\/p>\n<p>De acuerdo con la Secretar\u00eda Estatal de Turismo, durante temporada vacacional del 1 al 14 de abril se registraron un mill\u00f3n 37 mil ocho visitantes.<\/p>\n<h4>Es\u00a0por ello Quintana Roo se consolida como el principal del destino del Caribe Mexicano y Latinoam\u00e9rica.<\/h4>\n<p>Adem\u00e1s de ofertar 127 mil 399 cuartos con mil 331 hoteles.<\/p>\n<p>La primera gobernadora de Quintana Roo recalc\u00f3 con estas cifras el Caribe Mexicano confirm\u00f3 una vez m\u00e1s ser la principal potencia regional.<\/p>\n<p>Esto en conectividad a\u00e9rea, al mantener rutas directas con 126 ciudades de todo el mundo, logrando movilizar a miles de pasajeros con 58 aerol\u00edneas.<\/p>\n<p>El Grupo Aeroportuario del Sureste (ASUR) y Aeropuertos y Servicios Auxiliares (ASA) del 8 al 14 de abril.<\/p>\n<p>Los cuales\u00a0se realizaron 4 mil 219 operaciones a\u00e9reas, de las cuales 4 mil 89 fueron en el aeropuerto internacional de Canc\u00fan.<\/p>\n<p>Adem\u00e1s de\u00a092 en Cozumel y 38 de Chetumal.<\/p>\n","protected":false},"excerpt":{"rendered":"<p>Se distingue como el principal destino de M\u00e9xico y Latinoam\u00e9rica y cuyos resultados traen bienestar social y prosperidad compartida a las familias quintanarroenses. Con la llegada de un mill\u00f3n 37 mil ocho turistas, cerr\u00f3 el periodo vacacional de Semana Santa y Pascua el Caribe Mexicano. Lo que distingue a Quintana Roo como el principal destino [&hellip;]<\/p>\n","protected":false},"author":1,"featured_media":14911,"comment_status":"open","ping_status":"closed","sticky":false,"template":"","format":"standard","meta":{"footnotes":""},"categories":[10],"tags":[],"class_list":["post-14909","post","type-post","status-publish","format-standard","has-post-thumbnail","hentry","category-quintana-roo"],"_links":{"self":[{"href":"https:\/\/podernacional.com\/index.php?rest_route=\/wp\/v2\/posts\/14909","targetHints":{"allow":["GET"]}}],"collection":[{"href":"https:\/\/podernacional.com\/index.php?rest_route=\/wp\/v2\/posts"}],"about":[{"href":"https:\/\/podernacional.com\/index.php?rest_route=\/wp\/v2\/types\/post"}],"author":[{"embeddable":true,"href":"https:\/\/podernacional.com\/index.php?rest_route=\/wp\/v2\/users\/1"}],"replies":[{"embeddable":true,"href":"https:\/\/podernacional.com\/index.php?rest_route=%2Fwp%2Fv2%2Fcomments&post=14909"}],"version-history":[{"count":1,"href":"https:\/\/podernacional.com\/index.php?rest_route=\/wp\/v2\/posts\/14909\/revisions"}],"predecessor-version":[{"id":14910,"href":"https:\/\/podernacional.com\/index.php?rest_route=\/wp\/v2\/posts\/14909\/revisions\/14910"}],"wp:featuredmedia":[{"embeddable":true,"href":"https:\/\/podernacional.com\/index.php?rest_route=\/wp\/v2\/media\/14911"}],"wp:attachment":[{"href":"https:\/\/podernacional.com\/index.php?rest_route=%2Fwp%2Fv2%2Fmedia&parent=14909"}],"wp:term":[{"taxonomy":"category","embeddable":true,"href":"https:\/\/podernacional.com\/index.php?rest_route=%2Fwp%2Fv2%2Fcategories&post=14909"},{"taxonomy":"post_tag","embeddable":true,"href":"https:\/\/podernacional.com\/index.php?rest_route=%2Fwp%2Fv2%2Ftags&post=14909"}],"curies":[{"name":"wp","href":"https:\/\/api.w.org\/{rel}","templated":true}]}}