{"id":1491,"date":"2020-09-23T08:42:00","date_gmt":"2020-09-23T08:42:00","guid":{"rendered":"http:\/\/whatsappcancun.com\/?p=1491"},"modified":"2020-09-23T08:42:00","modified_gmt":"2020-09-23T08:42:00","slug":"indigenas-de-colombia-derriban-estatua-de-conquistador-espanol","status":"publish","type":"post","link":"https:\/\/podernacional.com\/?p=1491","title":{"rendered":"Ind\u00edgenas de Colombia derriban estatua de conquistador espa\u00f1ol"},"content":{"rendered":"\n<p>BOGOT\u00c1.-&nbsp;Ind\u00edgenas de Colombia ajustan las cuentas con su pasado colonial. Miembros de la comunidad&nbsp;Misak&nbsp;han derribado una estatua del conquistador espa\u00f1ol Sebasti\u00e1n de Belalc\u00e1zar en la localidad de Popay\u00e1n, al suroeste del pa\u00eds. Lo hicieron rodeando de cuerdas la&nbsp;figura ecuestre&nbsp;y tirando despu\u00e9s.&nbsp;<\/p>\n\n\n\n<p>La presidenta del Movimiento Alternativo Ind\u00edgena y Social, Martha&nbsp;Peraltam, considera que \u201cBelalc\u00e1zar fue un genocida que masacr\u00f3 a los pueblos que conquisto\u201d. Se trata del fundador de Quito, la capital de Ecuador, y las ciudades colombianas de Cali, Belalc\u00e1zar y Popay\u00e1n.&nbsp;<\/p>\n\n\n\n<p>El alcalde de esta \u00faltima, Juan Carlos L\u00f3pez Castrill\u00f3n, ha lamentado el acto vand\u00e1lico: \u201cLo rechazamos, lo repudiamos, es un acto de violencia que es lamentable. Nosotros lo que queremos es hacer un llamamiento a la tolerancia.\u201d&nbsp;<\/p>\n\n\n\n<p>La muerte de George Floyd a manos de un polic\u00eda en Estados Unidos provoc\u00f3 una ola antirracista que tambi\u00e9n ha desembocado en derrumbamiento de estatuas de conquistadores en ese pa\u00eds, B\u00e9lgica o Reino Unido.<\/p>\n","protected":false},"excerpt":{"rendered":"<p>BOGOT\u00c1.-&nbsp;Ind\u00edgenas de Colombia ajustan las cuentas con su pasado colonial. Miembros de la comunidad&nbsp;Misak&nbsp;han derribado una estatua del conquistador espa\u00f1ol Sebasti\u00e1n de Belalc\u00e1zar en la localidad de Popay\u00e1n, al suroeste del pa\u00eds. Lo hicieron rodeando de cuerdas la&nbsp;figura ecuestre&nbsp;y tirando despu\u00e9s.&nbsp; La presidenta del Movimiento Alternativo Ind\u00edgena y Social, Martha&nbsp;Peraltam, considera que \u201cBelalc\u00e1zar fue un [&hellip;]<\/p>\n","protected":false},"author":1,"featured_media":1492,"comment_status":"open","ping_status":"open","sticky":false,"template":"","format":"standard","meta":{"footnotes":""},"categories":[5],"tags":[],"class_list":["post-1491","post","type-post","status-publish","format-standard","has-post-thumbnail","hentry","category-internacional"],"_links":{"self":[{"href":"https:\/\/podernacional.com\/index.php?rest_route=\/wp\/v2\/posts\/1491","targetHints":{"allow":["GET"]}}],"collection":[{"href":"https:\/\/podernacional.com\/index.php?rest_route=\/wp\/v2\/posts"}],"about":[{"href":"https:\/\/podernacional.com\/index.php?rest_route=\/wp\/v2\/types\/post"}],"author":[{"embeddable":true,"href":"https:\/\/podernacional.com\/index.php?rest_route=\/wp\/v2\/users\/1"}],"replies":[{"embeddable":true,"href":"https:\/\/podernacional.com\/index.php?rest_route=%2Fwp%2Fv2%2Fcomments&post=1491"}],"version-history":[{"count":0,"href":"https:\/\/podernacional.com\/index.php?rest_route=\/wp\/v2\/posts\/1491\/revisions"}],"wp:featuredmedia":[{"embeddable":true,"href":"https:\/\/podernacional.com\/index.php?rest_route=\/wp\/v2\/media\/1492"}],"wp:attachment":[{"href":"https:\/\/podernacional.com\/index.php?rest_route=%2Fwp%2Fv2%2Fmedia&parent=1491"}],"wp:term":[{"taxonomy":"category","embeddable":true,"href":"https:\/\/podernacional.com\/index.php?rest_route=%2Fwp%2Fv2%2Fcategories&post=1491"},{"taxonomy":"post_tag","embeddable":true,"href":"https:\/\/podernacional.com\/index.php?rest_route=%2Fwp%2Fv2%2Ftags&post=1491"}],"curies":[{"name":"wp","href":"https:\/\/api.w.org\/{rel}","templated":true}]}}