{"id":14912,"date":"2023-04-17T17:36:07","date_gmt":"2023-04-17T22:36:07","guid":{"rendered":"https:\/\/podernacional.com\/?p=14912"},"modified":"2023-04-17T22:36:09","modified_gmt":"2023-04-17T22:36:09","slug":"aspira-quintana-roo-a-21-world-travel-awards","status":"publish","type":"post","link":"https:\/\/podernacional.com\/?p=14912","title":{"rendered":"Aspira Quintana Roo a 21 \u2018World Travel Awards\u2019"},"content":{"rendered":"<h4>El Caribe Mexicano tiene 21 nominaciones en los llamados \u2018Oscar\u2019 del Turismo.<\/h4>\n<p>Por sus bellezas naturales, playas, hospitalidad, servicios de calidad, gastronom\u00eda, conectividad a\u00e9rea y de cruceros.<\/p>\n<p>Por ende en\u00a0Quintana Roo obtuvo 21 nominaciones para los \u201cWorld Travel Awards 2023\u201d.<\/p>\n<p>As\u00ed lo dio a conocer la gobernadora Mara Lezama Espinosa, quien destac\u00f3 que estas nominaciones, conocidas tambi\u00e9n como los \u201cPremios Oscar del Turismo\u201d.<\/p>\n<p>El cual\u00a0son resultado de la intensa promoci\u00f3n realizada en las ferias internacionales para atraer un mayor n\u00famero de visitantes y m\u00e1s inversiones.<\/p>\n<p>Adem\u00e1s de\u00a0que generen tambi\u00e9n m\u00e1s empleos para la gente y crecimiento econ\u00f3mico para el estado.<\/p>\n<p>La mandataria estatal resalt\u00f3 que, con el trabajo de todos, en unidad y sumando esfuerzos, se avanza en el Nuevo Acuerdo por el Bienestar.<\/p>\n<p>As\u00ed como del\u00a0Desarrollo de Quintana Roo para que los beneficios del turismo se reflejen en los bolsillos de los trabajadores.<\/p>\n<p>Al igual que en las mesas de las familias.<\/p>\n<h4>Explic\u00f3 que de acuerdo con el portal de los \u201cWorld Travel Awards\u201d.<\/h4>\n<p>Por ende: https:\/\/www.worldtravelawards.com\/ desde el pasado 9 de abril se abrieron las votaciones para la regi\u00f3n M\u00e9xico y Centroam\u00e9rica de los destinos.<\/p>\n<p>As\u00ed como de\u00a0servicios y hoteler\u00eda nominados, y se cerrar\u00e1 el pr\u00f3ximo 9 de julio.<\/p>\n<p>Detall\u00f3 que en la categor\u00eda de Aeropuerto L\u00edder de M\u00e9xico y Centroam\u00e9rica est\u00e1 nominado el Aeropuerto Internacional de Canc\u00fan.<\/p>\n<p>As\u00ed como de Cruceros: Puerto Costa Maya en Mahahual, municipio de Oth\u00f3n P. Blanco, y el de Cozumel.<\/p>\n<p>En Destino de Playa l\u00edder en M\u00e9xico y Centroam\u00e9rica 2023: Canc\u00fan, Riviera Maya y Tulum; de Viajes de Negocios, Canc\u00fan.<\/p>\n<p>El cual es\u00a0de Destino de Escapada Urbana, Canc\u00fan y Playa del Carmen.<\/p>\n<p>Para Destino Ciudad L\u00edder de M\u00e9xico y Centroam\u00e9rica 2023 est\u00e1 nominado Canc\u00fan; Patronato de Turismo, Oficina de Visitantes y Convenciones de Canc\u00fan.<\/p>\n<p>El cual es\u00a0el Destino Insular, Cozumel, Holbox e Isla Mujeres; Destino L\u00edder de Reuniones y Conferencias, Canc\u00fan.<\/p>\n<p>En la categor\u00eda Resort Todo Incluido L\u00edder en M\u00e9xico y Centroam\u00e9rica 2023, Hacienda Tres R\u00edos Resort, Spa &amp; Parque Natural.<\/p>\n<p>As\u00ed como del\u00a0Hard Rock Hotel Canc\u00fan, Hyatt Zilara Canc\u00fan, Hyatt Ziva Canc\u00fan, y Occidental Cozumel.<\/p>\n<p>En Resort de Playa L\u00edder en M\u00e9xico y Centroam\u00e9rica 2023, Grand Fiesta Americana Coral Beach Canc\u00fan, JW Marriott Canc\u00fan Resort &amp; Spa.<\/p>\n<h4>As\u00ed como del\u00a0Nizuc Resort &amp; Spa; en la categor\u00eda Hotel Boutique, Casa de Playa Thompson Playa del Carmen.<\/h4>\n<p>Adem\u00e1s de nominaciones en Hotel de Conferencias L\u00edder en M\u00e9xico y Centroam\u00e9rica 2023, en Leading Green Hotel.<\/p>\n<p>As\u00ed como\u00a0en Marca Hotelera L\u00edder en M\u00e9xico y Centroam\u00e9rica 2023, en Nuevo Hotel l\u00edder en M\u00e9xico y Centroam\u00e9rica.<\/p>\n<p>As\u00ed como en la categor\u00eda Tour Operador de Aventura L\u00edder en M\u00e9xico y Centroam\u00e9rica 2023.<\/p>\n<p>Las nominaciones incluyen Destino L\u00edder y de Turismo de Aventura, as\u00ed como en la categor\u00eda Aire nominadas diversas aerol\u00edneas.<\/p>\n<p>As\u00ed como\u00a0en la categor\u00eda Patronato de Turismo L\u00edder de M\u00e9xico y Centroam\u00e9rica 2023, el Consejo de Promoci\u00f3n Tur\u00edstica.<\/p>\n<p>Los Premios \u201cWorld Travel Awards\u201d (WTA) reconocen, recompensan y celebran la excelencia en todos los sectores de la industria mundial de viajes y turismo.<\/p>\n<p>El cual\u00a0se entregar\u00e1n en una ceremonia en la Isla de Santa Luc\u00eda el pr\u00f3ximo 26 de agosto.<\/p>\n<p>La gobernadora recalc\u00f3 que con el nuevo modelo tur\u00edstico sostenible y de desarrollo inclusivo se transforma la vida de las personas.<\/p>\n<p>Adem\u00e1s de que\u00a0pues contribuye a atender las demandas sociales, econ\u00f3micas, culturales y ambientales.<\/p>\n","protected":false},"excerpt":{"rendered":"<p>El Caribe Mexicano tiene 21 nominaciones en los llamados \u2018Oscar\u2019 del Turismo. Por sus bellezas naturales, playas, hospitalidad, servicios de calidad, gastronom\u00eda, conectividad a\u00e9rea y de cruceros. Por ende en\u00a0Quintana Roo obtuvo 21 nominaciones para los \u201cWorld Travel Awards 2023\u201d. As\u00ed lo dio a conocer la gobernadora Mara Lezama Espinosa, quien destac\u00f3 que estas nominaciones, [&hellip;]<\/p>\n","protected":false},"author":1,"featured_media":14914,"comment_status":"open","ping_status":"closed","sticky":false,"template":"","format":"standard","meta":{"footnotes":""},"categories":[10],"tags":[],"class_list":["post-14912","post","type-post","status-publish","format-standard","has-post-thumbnail","hentry","category-quintana-roo"],"_links":{"self":[{"href":"https:\/\/podernacional.com\/index.php?rest_route=\/wp\/v2\/posts\/14912","targetHints":{"allow":["GET"]}}],"collection":[{"href":"https:\/\/podernacional.com\/index.php?rest_route=\/wp\/v2\/posts"}],"about":[{"href":"https:\/\/podernacional.com\/index.php?rest_route=\/wp\/v2\/types\/post"}],"author":[{"embeddable":true,"href":"https:\/\/podernacional.com\/index.php?rest_route=\/wp\/v2\/users\/1"}],"replies":[{"embeddable":true,"href":"https:\/\/podernacional.com\/index.php?rest_route=%2Fwp%2Fv2%2Fcomments&post=14912"}],"version-history":[{"count":1,"href":"https:\/\/podernacional.com\/index.php?rest_route=\/wp\/v2\/posts\/14912\/revisions"}],"predecessor-version":[{"id":14913,"href":"https:\/\/podernacional.com\/index.php?rest_route=\/wp\/v2\/posts\/14912\/revisions\/14913"}],"wp:featuredmedia":[{"embeddable":true,"href":"https:\/\/podernacional.com\/index.php?rest_route=\/wp\/v2\/media\/14914"}],"wp:attachment":[{"href":"https:\/\/podernacional.com\/index.php?rest_route=%2Fwp%2Fv2%2Fmedia&parent=14912"}],"wp:term":[{"taxonomy":"category","embeddable":true,"href":"https:\/\/podernacional.com\/index.php?rest_route=%2Fwp%2Fv2%2Fcategories&post=14912"},{"taxonomy":"post_tag","embeddable":true,"href":"https:\/\/podernacional.com\/index.php?rest_route=%2Fwp%2Fv2%2Ftags&post=14912"}],"curies":[{"name":"wp","href":"https:\/\/api.w.org\/{rel}","templated":true}]}}