{"id":14915,"date":"2023-04-17T17:37:55","date_gmt":"2023-04-17T22:37:55","guid":{"rendered":"https:\/\/podernacional.com\/?p=14915"},"modified":"2023-04-17T22:37:56","modified_gmt":"2023-04-17T22:37:56","slug":"convocan-a-foro-para-desarrollo-del-turismo-rural-y-comunitario-de-q-roo","status":"publish","type":"post","link":"https:\/\/podernacional.com\/?p=14915","title":{"rendered":"Convocan a foro para desarrollo del turismo rural y comunitario de Q. Roo"},"content":{"rendered":"<h4>La sede del evento ser\u00e1 el Instituto Tecnol\u00f3gico de Chetumal, el 12 y 13 de mayo.<\/h4>\n<p>C\u00e1maras empresariales e instituciones de nivel superior de Quintana Roo convocan a asociaciones civiles, ejidos, empresas.<\/p>\n<p>As\u00ed como de profesionales del sector turismo y p\u00fablico en general a participar en el primer:<\/p>\n<p>\u201cForo para el desarrollo del turismo rural y comunitario del sur de Quintana Roo\u201d.<\/p>\n<p>El cual estar\u00e1\u00a0a celebrarse el 12 y 13 de mayo de este a\u00f1o en Chetumal.<\/p>\n<p>El primer \u201cForo para el desarrollo del turismo rural y comunitario del sur de Quintana Roo\u201d es con el objetivo de generar un espacio de di\u00e1logo.<\/p>\n<p>As\u00ed como\u00a0de propuestas que coadyuven al desarrollo tur\u00edstico y aprovechamiento de los recursos naturales del sur de Quintana Roo.<\/p>\n<p>De acuerdo con la convocatoria, la sede del evento ser\u00e1 el Instituto Tecnol\u00f3gico de Chetumal (Itch).<\/p>\n<p>Adem\u00e1s de\u00a0los ejes tem\u00e1ticos que se abordar\u00e1n en las mesas de trabajo son \u201cRetos y perspectivas del ecoturismo del sur de Quintana Roo\u201d.<\/p>\n<p>As\u00ed como del\u00a0\u201cAn\u00e1lisis de los aspectos normativos y legales que acotan el desarrollo ecotur\u00edstico del sur de Quintana Roo\u201d.<\/p>\n<h4>Adem\u00e1s de la\u00a0\u201cOferta ecotur\u00edstica en el sur de Quintana Roo\u201d.<\/h4>\n<p>Tambi\u00e9n, \u201cEl ecoturismo desde la perspectiva de los comisariados ejidales\u201d, \u201cPerspectivas del turismo rural en Quintana Roo\u201d.<\/p>\n<p>As\u00ed como del \u201cAn\u00e1lisis de la infraestructura ecotur\u00edstica en el sur de Quintana Roo\u201d.<\/p>\n<p>Adem\u00e1s de \u201cNuevos productos tur\u00edsticos a desarrollar en el sur de Quintana Roo. La ruta del coco\u201d.<\/p>\n<p>Pueden participar p\u00fablico en general, asociaciones civiles, ejidos, empresas y profesionales del sector turismo del estado.<\/p>\n<p>As\u00ed como que se pueden inscribir en una o en varias mesas de trabajo en el enlace https:\/\/forms.office.com\/r\/tkNbydJ2KM y seleccionar la mesa de trabajo.<\/p>\n<p>Las propuestas: proyectos, casos exitosos, ensayos, trabajos de investigaci\u00f3n en proceso y\/o terminados se podr\u00e1n presentar con un m\u00e1ximo de tres autores.<\/p>\n<p>Los participantes enviar\u00e1n un resumen de sus propuestas en formato de Word especificando la mesa de trabajo donde participan.<\/p>\n<p>La presentaci\u00f3n se har\u00e1 en formato PowerPoint tomando como base la plantilla proporcionada alusiva al evento.<\/p>\n<p>Asimismo, deber\u00e1 anexar un resumen curricular del ponente (s), no mayor a media cuartilla por cada autor al siguiente correo:<\/p>\n<p>rutybm@hotmail.com a m\u00e1s tardar el 28 de abril de 2023.<\/p>\n","protected":false},"excerpt":{"rendered":"<p>La sede del evento ser\u00e1 el Instituto Tecnol\u00f3gico de Chetumal, el 12 y 13 de mayo. C\u00e1maras empresariales e instituciones de nivel superior de Quintana Roo convocan a asociaciones civiles, ejidos, empresas. As\u00ed como de profesionales del sector turismo y p\u00fablico en general a participar en el primer: \u201cForo para el desarrollo del turismo rural [&hellip;]<\/p>\n","protected":false},"author":1,"featured_media":14917,"comment_status":"open","ping_status":"closed","sticky":false,"template":"","format":"standard","meta":{"footnotes":""},"categories":[10],"tags":[],"class_list":["post-14915","post","type-post","status-publish","format-standard","has-post-thumbnail","hentry","category-quintana-roo"],"_links":{"self":[{"href":"https:\/\/podernacional.com\/index.php?rest_route=\/wp\/v2\/posts\/14915","targetHints":{"allow":["GET"]}}],"collection":[{"href":"https:\/\/podernacional.com\/index.php?rest_route=\/wp\/v2\/posts"}],"about":[{"href":"https:\/\/podernacional.com\/index.php?rest_route=\/wp\/v2\/types\/post"}],"author":[{"embeddable":true,"href":"https:\/\/podernacional.com\/index.php?rest_route=\/wp\/v2\/users\/1"}],"replies":[{"embeddable":true,"href":"https:\/\/podernacional.com\/index.php?rest_route=%2Fwp%2Fv2%2Fcomments&post=14915"}],"version-history":[{"count":1,"href":"https:\/\/podernacional.com\/index.php?rest_route=\/wp\/v2\/posts\/14915\/revisions"}],"predecessor-version":[{"id":14916,"href":"https:\/\/podernacional.com\/index.php?rest_route=\/wp\/v2\/posts\/14915\/revisions\/14916"}],"wp:featuredmedia":[{"embeddable":true,"href":"https:\/\/podernacional.com\/index.php?rest_route=\/wp\/v2\/media\/14917"}],"wp:attachment":[{"href":"https:\/\/podernacional.com\/index.php?rest_route=%2Fwp%2Fv2%2Fmedia&parent=14915"}],"wp:term":[{"taxonomy":"category","embeddable":true,"href":"https:\/\/podernacional.com\/index.php?rest_route=%2Fwp%2Fv2%2Fcategories&post=14915"},{"taxonomy":"post_tag","embeddable":true,"href":"https:\/\/podernacional.com\/index.php?rest_route=%2Fwp%2Fv2%2Ftags&post=14915"}],"curies":[{"name":"wp","href":"https:\/\/api.w.org\/{rel}","templated":true}]}}