{"id":14966,"date":"2023-04-19T17:18:59","date_gmt":"2023-04-19T22:18:59","guid":{"rendered":"https:\/\/podernacional.com\/?p=14966"},"modified":"2023-04-19T22:19:00","modified_gmt":"2023-04-19T22:19:00","slug":"regresa-el-festival-de-musica-suenos-a-grant-park","status":"publish","type":"post","link":"https:\/\/podernacional.com\/?p=14966","title":{"rendered":"Regresa el festival de m\u00fasica Sue\u00f1os a Grant Park"},"content":{"rendered":"<h4>El festival de m\u00fasica Sue\u00f1os no solo celebra nuestra cultura y trae artistas de primera en diversos g\u00e9neros musicales.<\/h4>\n<p>Adem\u00e1s de que\u00a0sino que tambi\u00e9n genera un gran impacto econ\u00f3mico.<\/p>\n<p>De acuerdo a sus organizadores, el a\u00f1o pasado, que fue la primera vez que se realiz\u00f3 en Grant Park.<\/p>\n<p>As\u00ed mismo en dos d\u00edas gener\u00f3 $129.9 millones y cre\u00f3 cerca de mil empleos de tiempo completo.<\/p>\n<p>\u201cNo nada m\u00e1s es crear la m\u00fasica y todo lo que nos representa como latinos\u201d.<\/p>\n<p>\u201cAdem\u00e1s de\u00a0estarle el impacto econ\u00f3mico a la ciudad fue m\u00e1s de $100 millones de d\u00f3lares\u201d, dijo el organizador Enrique Medrano.<\/p>\n<p>Aproximadamente 80 mil personas asistieron al festival el a\u00f1o pasado y los organizadores esperan que esa cifra de asistentes aumente.<\/p>\n<h4>Entre los artistas que se presentar\u00e1n este a\u00f1o se encuentran Wisin y Yandel, Becky G, Grupo Firme<\/h4>\n<p>Tambi\u00e9n artistas locales tendr\u00e1n su presentaci\u00f3n para resaltar nuestras ra\u00edces.<\/p>\n<p>\u201cBueno significa much\u00edsimo para todos nosotros porque aqu\u00ed venimos a realizar un sue\u00f1o que no pudimos realizar en nuestros pa\u00edses\u201d, dijo Viviana Iglesias.<\/p>\n<p>Este festival no solamente genera un gran impacto econ\u00f3mico en nuestra comunidad.<\/p>\n<p>Sino que Sue\u00f1os tambi\u00e9n ayuda a cumplir sue\u00f1os ya que otorga becas estudiantiles.<\/p>\n<p>\u201cEstamos otorgando dinero para becas como lo hicimos el a\u00f1o pasado con Segundo Ruiz. Otorgamos $50,000 para comprar equipo\u201d.<\/p>\n<p>\u201cEsto\u00a0para los estudiantes que estuvieron continuando con la m\u00fasica y motivarlos para eso\u201d.<\/p>\n<p>\u201cAl igual que Fiesta Del Sol Pilsen les otorgamos otros $50,000 el a\u00f1o pasado,\u201d dijo Medrano.<\/p>\n","protected":false},"excerpt":{"rendered":"<p>El festival de m\u00fasica Sue\u00f1os no solo celebra nuestra cultura y trae artistas de primera en diversos g\u00e9neros musicales. Adem\u00e1s de que\u00a0sino que tambi\u00e9n genera un gran impacto econ\u00f3mico. De acuerdo a sus organizadores, el a\u00f1o pasado, que fue la primera vez que se realiz\u00f3 en Grant Park. As\u00ed mismo en dos d\u00edas gener\u00f3 $129.9 [&hellip;]<\/p>\n","protected":false},"author":1,"featured_media":14968,"comment_status":"open","ping_status":"closed","sticky":false,"template":"","format":"standard","meta":{"footnotes":""},"categories":[2],"tags":[],"class_list":["post-14966","post","type-post","status-publish","format-standard","has-post-thumbnail","hentry","category-cultural"],"_links":{"self":[{"href":"https:\/\/podernacional.com\/index.php?rest_route=\/wp\/v2\/posts\/14966","targetHints":{"allow":["GET"]}}],"collection":[{"href":"https:\/\/podernacional.com\/index.php?rest_route=\/wp\/v2\/posts"}],"about":[{"href":"https:\/\/podernacional.com\/index.php?rest_route=\/wp\/v2\/types\/post"}],"author":[{"embeddable":true,"href":"https:\/\/podernacional.com\/index.php?rest_route=\/wp\/v2\/users\/1"}],"replies":[{"embeddable":true,"href":"https:\/\/podernacional.com\/index.php?rest_route=%2Fwp%2Fv2%2Fcomments&post=14966"}],"version-history":[{"count":1,"href":"https:\/\/podernacional.com\/index.php?rest_route=\/wp\/v2\/posts\/14966\/revisions"}],"predecessor-version":[{"id":14967,"href":"https:\/\/podernacional.com\/index.php?rest_route=\/wp\/v2\/posts\/14966\/revisions\/14967"}],"wp:featuredmedia":[{"embeddable":true,"href":"https:\/\/podernacional.com\/index.php?rest_route=\/wp\/v2\/media\/14968"}],"wp:attachment":[{"href":"https:\/\/podernacional.com\/index.php?rest_route=%2Fwp%2Fv2%2Fmedia&parent=14966"}],"wp:term":[{"taxonomy":"category","embeddable":true,"href":"https:\/\/podernacional.com\/index.php?rest_route=%2Fwp%2Fv2%2Fcategories&post=14966"},{"taxonomy":"post_tag","embeddable":true,"href":"https:\/\/podernacional.com\/index.php?rest_route=%2Fwp%2Fv2%2Ftags&post=14966"}],"curies":[{"name":"wp","href":"https:\/\/api.w.org\/{rel}","templated":true}]}}