{"id":14972,"date":"2023-04-19T17:28:06","date_gmt":"2023-04-19T22:28:06","guid":{"rendered":"https:\/\/podernacional.com\/?p=14972"},"modified":"2023-04-19T22:28:07","modified_gmt":"2023-04-19T22:28:07","slug":"el-sr-blues-festival-vuelve-al-poligono-de-toledo","status":"publish","type":"post","link":"https:\/\/podernacional.com\/?p=14972","title":{"rendered":"El Sr. Blues Festival vuelve al Pol\u00edgono de Toledo"},"content":{"rendered":"<h4>El Sr. Blues Festival celebrar\u00e1 su cuarta edici\u00f3n en el Recinto Ferial del Pol\u00edgono.<\/h4>\n<p>Toledo busca captar viajeros norteamericanos en las jornadas de Turespa\u00f1a<\/p>\n<p>Toledo organiza nuevas actividades en la Escuela de Igualdad<\/p>\n<p>La IV edici\u00f3n del Sr. Blues Festival se celebrar\u00e1 el pr\u00f3ximo 30 de septiembre en el Recinto Ferial de Santa Mar\u00eda de Benquerencia.<\/p>\n<p>Adem\u00e1s de que\u00a0contar\u00e1 con el apoyo del Ayuntamiento de Toledo.<\/p>\n<p>En esta ocasi\u00f3n, mantendr\u00e1 la esencia que en ediciones anteriores con m\u00fasicos de primer nivel.<\/p>\n<p>As\u00ed como de\u00a0talleres para todas las edades centrados en el cuidado y sostenibilidad del medioambiente.<\/p>\n<p>Los responsables del evento, Buddy Garc\u00eda, director musical, y David Garc\u00eda, director de producci\u00f3n.<\/p>\n<p>Adem\u00e1s de que\u00a0han compartido con el concejal de Cultura y Educaci\u00f3n, Teo Garc\u00eda, y la concejala de Igualdad.<\/p>\n<h4>As\u00ed como de la\u00a0presidenta del Consejo de Participaci\u00f3n Ciudadana del Pol\u00edgono, Ana Abell\u00e1n.<\/h4>\n<p>El cual los objetivos que se marcan en la cuarta edici\u00f3n del festival en la que pretenden contar con artistas internacionales.<\/p>\n<p>As\u00ed\u00a0como ocurri\u00f3 en la \u00faltima edici\u00f3n y que les posicion\u00f3 como un referente en la m\u00fasica blues.<\/p>\n<p>La jornada, que se iniciar\u00e1 a partir de las 12:00 horas de la ma\u00f1ana, contar\u00e1 tambi\u00e9n con talleres para todos los p\u00fablicos.<\/p>\n<p>Los cuales est\u00e1n\u00a0enfocados en la concienciaci\u00f3n social y ecol\u00f3gica.<\/p>\n<p>En esta senda, se reduce al m\u00ednimo la utilizaci\u00f3n de pl\u00e1stico y se apuesta por materiales m\u00e1s respetuosos con el medioambiente.<\/p>\n<p>Tambi\u00e9n se pondr\u00e1 en valor la igualdad entre hombres y mujeres con distintas acciones.<\/p>\n<p>De otro lado, el Sr. Blues Festival volver\u00e1 a reeditar su mercadillo, un espacio que va creciendo a\u00f1o tras a\u00f1o, seg\u00fan los organizadores.<\/p>\n<p>Adem\u00e1s de\u00a0que entre sus puestos tendr\u00e1 el estand del merchandising propio del festival que elaboran ocho chicos y chicas de Down Toledo.<\/p>\n<h4>Los cuales\u00a0que trabajan para el evento.<\/h4>\n<p>El beneficio obtenido en las ventas de este puesto concreto se dona \u00edntegro a otra ONG de Toledo.<\/p>\n<p>Por determinar, para ayudar a desarrollar otros proyectos que tengan como objetivo la inclusi\u00f3n socio-laboral de las personas con discapacidad.<\/p>\n<p>M\u00e1s informaci\u00f3n en: https:\/\/srbluesfestival.com\/.<\/p>\n","protected":false},"excerpt":{"rendered":"<p>El Sr. Blues Festival celebrar\u00e1 su cuarta edici\u00f3n en el Recinto Ferial del Pol\u00edgono. Toledo busca captar viajeros norteamericanos en las jornadas de Turespa\u00f1a Toledo organiza nuevas actividades en la Escuela de Igualdad La IV edici\u00f3n del Sr. Blues Festival se celebrar\u00e1 el pr\u00f3ximo 30 de septiembre en el Recinto Ferial de Santa Mar\u00eda de [&hellip;]<\/p>\n","protected":false},"author":1,"featured_media":14974,"comment_status":"open","ping_status":"closed","sticky":false,"template":"","format":"standard","meta":{"footnotes":""},"categories":[2],"tags":[],"class_list":["post-14972","post","type-post","status-publish","format-standard","has-post-thumbnail","hentry","category-cultural"],"_links":{"self":[{"href":"https:\/\/podernacional.com\/index.php?rest_route=\/wp\/v2\/posts\/14972","targetHints":{"allow":["GET"]}}],"collection":[{"href":"https:\/\/podernacional.com\/index.php?rest_route=\/wp\/v2\/posts"}],"about":[{"href":"https:\/\/podernacional.com\/index.php?rest_route=\/wp\/v2\/types\/post"}],"author":[{"embeddable":true,"href":"https:\/\/podernacional.com\/index.php?rest_route=\/wp\/v2\/users\/1"}],"replies":[{"embeddable":true,"href":"https:\/\/podernacional.com\/index.php?rest_route=%2Fwp%2Fv2%2Fcomments&post=14972"}],"version-history":[{"count":1,"href":"https:\/\/podernacional.com\/index.php?rest_route=\/wp\/v2\/posts\/14972\/revisions"}],"predecessor-version":[{"id":14973,"href":"https:\/\/podernacional.com\/index.php?rest_route=\/wp\/v2\/posts\/14972\/revisions\/14973"}],"wp:featuredmedia":[{"embeddable":true,"href":"https:\/\/podernacional.com\/index.php?rest_route=\/wp\/v2\/media\/14974"}],"wp:attachment":[{"href":"https:\/\/podernacional.com\/index.php?rest_route=%2Fwp%2Fv2%2Fmedia&parent=14972"}],"wp:term":[{"taxonomy":"category","embeddable":true,"href":"https:\/\/podernacional.com\/index.php?rest_route=%2Fwp%2Fv2%2Fcategories&post=14972"},{"taxonomy":"post_tag","embeddable":true,"href":"https:\/\/podernacional.com\/index.php?rest_route=%2Fwp%2Fv2%2Ftags&post=14972"}],"curies":[{"name":"wp","href":"https:\/\/api.w.org\/{rel}","templated":true}]}}