{"id":14978,"date":"2023-04-19T17:31:40","date_gmt":"2023-04-19T22:31:40","guid":{"rendered":"https:\/\/podernacional.com\/?p=14978"},"modified":"2023-04-19T22:31:41","modified_gmt":"2023-04-19T22:31:41","slug":"uber-en-cancun-propuesta-de-ley-de-movilidad-de-q-roo-llega-al-congreso-del-estado","status":"publish","type":"post","link":"https:\/\/podernacional.com\/?p=14978","title":{"rendered":"Uber en Canc\u00fan: Propuesta de Ley de Movilidad de Q.Roo llega al Congreso del Estado"},"content":{"rendered":"<h4>El Gobierno de Quintana Roo propuso crear un Consejo Estatal de Movilidad, donde participar\u00e1n ciudadanos<\/h4>\n<p>La implementaci\u00f3n de la figura de Uber, las tarifas por tax\u00edmetro y el reforzamiento de la seguridad de los pasajeros.<\/p>\n<p>Esto\u00a0a trav\u00e9s de c\u00e1maras de vigilancia en unidades de transporte.<\/p>\n<p>Estos\u00a0son algunos de los puntos que contiene la iniciativa de la Ley de Movilidad que present\u00f3 este mi\u00e9rcoles el Gobierno de Quintana Roo.<\/p>\n<p>Cristina Torres G\u00f3mez, secretaria de Gobierno, afirm\u00f3 que esta propuesta cuenta con el respaldo de sindicatos de transporte.<\/p>\n<p>Los cuales son\u00a0tanto p\u00fablicos como privados, aunque destac\u00f3 que se prioriz\u00f3 el bienestar de los usuarios.<\/p>\n<p>Estos\u00a0por encima de los intereses de grupos como taxistas o empresas de plataformas digitales tipo Uber.<\/p>\n<p>Resalt\u00f3 que uno de los principales puntos de esta Ley es que instaura la figura de la prestaci\u00f3n del servicio de transporte de pasajeros privado.<\/p>\n<h4>A\u00a0trav\u00e9s de plataformas digitales, siendo \u00e9ste el esquema bajo el cual operar\u00e1 Uber en el Estado.<\/h4>\n<p>As\u00ed como\u00a0sin la necesidad de una concesi\u00f3n pero con la obligatoriedad de darse de alta ante el Instituto de Movilidad de Quintana Roo.<\/p>\n<p>Aunque ya existe un amparo federal que le permite a los conductores de Uber trabajar en el Caribe Mexicano.<\/p>\n<p>Adem\u00e1s de\u00a0la secretaria de Gobierno apunt\u00f3 que era necesario \u201cdotar de elementos regulatorios espec\u00edficos para su operaci\u00f3n.<\/p>\n<p>A\u00a0fin de que tener un sustento jur\u00eddico para considerarlos en los nuevos trabajos de Movilidad\u201d.<\/p>\n<p>La funcionaria estatal aclar\u00f3, sin embargo, que los taxistas tambi\u00e9n podr\u00e1n trabajar a trav\u00e9s de estas aplicaciones.<\/p>\n<h4>El cual est\u00e1\u00a0\u201cpriorizando siempre la ley de la oferta y la demanda\u201d.<\/h4>\n<p>\u201cAs\u00ed como que est\u00e1\u00a0considerando que ahora los usuarios prefieren medios tecnol\u00f3gicos para conectarse con los prestadores de servicio\u201d, declar\u00f3 Torres G\u00f3mez.<\/p>\n<p>Respecto a la seguridad de los pasajeros, coment\u00f3 que se trabaj\u00f3 con cada uno de los sindicatos de taxis.<\/p>\n<p>Adem\u00e1s de que\u00a0para que se implementen nuevas tecnolog\u00edas que estar\u00e1n coordinadas por la Secretar\u00eda de Seguridad P\u00fablica.<\/p>\n<p>As\u00ed\u00a0como la geolocalizaci\u00f3n en tiempo real de las unidades a trav\u00e9s de GPS y c\u00e1maras de vigilancia con grabaci\u00f3n de video y voz conectadas.<\/p>\n<p>As\u00ed como al C5 para vigilar en todo momento lo que sucede dentro del veh\u00edculo.<\/p>\n<p>Se implementar\u00e1n botones de p\u00e1nico en taxis y combis tambi\u00e9n conectados al C5.<\/p>\n<p>Adem\u00e1s de\u00a0los cuales deber\u00e1n estar al alcance de los usuarios en todo momento para solicitar ayuda.<\/p>\n","protected":false},"excerpt":{"rendered":"<p>El Gobierno de Quintana Roo propuso crear un Consejo Estatal de Movilidad, donde participar\u00e1n ciudadanos La implementaci\u00f3n de la figura de Uber, las tarifas por tax\u00edmetro y el reforzamiento de la seguridad de los pasajeros. Esto\u00a0a trav\u00e9s de c\u00e1maras de vigilancia en unidades de transporte. Estos\u00a0son algunos de los puntos que contiene la iniciativa de [&hellip;]<\/p>\n","protected":false},"author":1,"featured_media":14980,"comment_status":"open","ping_status":"closed","sticky":false,"template":"","format":"standard","meta":{"footnotes":""},"categories":[10],"tags":[],"class_list":["post-14978","post","type-post","status-publish","format-standard","has-post-thumbnail","hentry","category-quintana-roo"],"_links":{"self":[{"href":"https:\/\/podernacional.com\/index.php?rest_route=\/wp\/v2\/posts\/14978","targetHints":{"allow":["GET"]}}],"collection":[{"href":"https:\/\/podernacional.com\/index.php?rest_route=\/wp\/v2\/posts"}],"about":[{"href":"https:\/\/podernacional.com\/index.php?rest_route=\/wp\/v2\/types\/post"}],"author":[{"embeddable":true,"href":"https:\/\/podernacional.com\/index.php?rest_route=\/wp\/v2\/users\/1"}],"replies":[{"embeddable":true,"href":"https:\/\/podernacional.com\/index.php?rest_route=%2Fwp%2Fv2%2Fcomments&post=14978"}],"version-history":[{"count":1,"href":"https:\/\/podernacional.com\/index.php?rest_route=\/wp\/v2\/posts\/14978\/revisions"}],"predecessor-version":[{"id":14979,"href":"https:\/\/podernacional.com\/index.php?rest_route=\/wp\/v2\/posts\/14978\/revisions\/14979"}],"wp:featuredmedia":[{"embeddable":true,"href":"https:\/\/podernacional.com\/index.php?rest_route=\/wp\/v2\/media\/14980"}],"wp:attachment":[{"href":"https:\/\/podernacional.com\/index.php?rest_route=%2Fwp%2Fv2%2Fmedia&parent=14978"}],"wp:term":[{"taxonomy":"category","embeddable":true,"href":"https:\/\/podernacional.com\/index.php?rest_route=%2Fwp%2Fv2%2Fcategories&post=14978"},{"taxonomy":"post_tag","embeddable":true,"href":"https:\/\/podernacional.com\/index.php?rest_route=%2Fwp%2Fv2%2Ftags&post=14978"}],"curies":[{"name":"wp","href":"https:\/\/api.w.org\/{rel}","templated":true}]}}