{"id":14981,"date":"2023-04-19T17:33:32","date_gmt":"2023-04-19T22:33:32","guid":{"rendered":"https:\/\/podernacional.com\/?p=14981"},"modified":"2023-04-19T22:33:34","modified_gmt":"2023-04-19T22:33:34","slug":"mara-lezama-envia-iniciativa-de-reforma-para-regular-plataformas-digitales-de-transporte","status":"publish","type":"post","link":"https:\/\/podernacional.com\/?p=14981","title":{"rendered":"Mara Lezama env\u00eda iniciativa de reforma para regular plataformas digitales de transporte"},"content":{"rendered":"<h4>La mesas de trabajo concluyeron en que debe garantizar la seguridad vial, la accesibilidad y la calidad del servicio<\/h4>\n<p>La gobernadora Mara Lezama Espinosa envi\u00f3 este mi\u00e9rcoles al Congreso de Quintana Roo la iniciativa de reforma a la Ley de Movilidad.<\/p>\n<p>Adem\u00e1 de\u00a0que fue construida y consensuada a trav\u00e9s de las mesas de di\u00e1logo con los diversos sectores que participan en el servicio.<\/p>\n<p>As\u00ed como\u00a0que incluye a las plataformas digitales de transporte como Uber, para que puedan operar libremente en la entidad.<\/p>\n<p>\u201cLa iniciativa hace frente a los desaf\u00edos y demandas de movilidad urbana, permitir\u00e1 una transformaci\u00f3n profunda\u201d.<\/p>\n<p>\u201cAdem\u00e1s de que mejorar\u00e1 la calidad de vida de los y las quintanarroenses tras a\u00f1os de ser un abandono del sector\u201d.<\/p>\n<h4>Adem\u00e1s de que dio a conocer la mandataria en un comunicado de prensa.<\/h4>\n<p>Desde el mes de enero se realizaron mesas de trabajo con integrantes del Poder Legislativo, del Ejecutivo.<\/p>\n<p>As\u00ed como\u00a0del Instituto de Movilidad de Quintana Roo (Imoveqroo), concesionarios y representantes de las plataformas.<\/p>\n<p>Al igual de\u00a0quienes coincidieron en que la iniciativa de la Ley de Movilidad debe garantizar la seguridad vial, accesibilidad, eficiencia.<\/p>\n<p>As\u00ed como de la\u00a0sostenibilidad, calidad, inclusi\u00f3n e igualdad, por lo que se trabaj\u00f3 de manera intensa.<\/p>\n<p>Esto para que esta incluyera todas las voces que permitir\u00e1n ver por el usuario.<\/p>\n<p>La iniciativa de reforma cuenta con los elementos regulatorios espec\u00edficos para la operaci\u00f3n de plataformas digitales y tecnol\u00f3gicas.<\/p>\n<p>Esto\u00a0en el servicio de transporte de pasajeros y, con ello, ofrecer a la poblaci\u00f3n un nuevo modelo basado en la oferta y la demanda.<\/p>\n<p>Esto\u00a0con un enfoque tecnol\u00f3gico que medie y conecte a usuarios y prestadores del servicio, y a la vez brinde mayor seguridad para la poblaci\u00f3n.<\/p>\n<p>\u201cEsta ley promueve la libre y sana competencia econ\u00f3mica y la igualdad de condiciones entre los prestadores del servicio de transporte\u201d.<\/p>\n<p>\u201cAdem\u00e1s, busca darle seguridad a las y los usuarios, a trav\u00e9s de medidas, en coordinaci\u00f3n con Seguridad P\u00fablica, que ser\u00e1n:<\/p>\n<h4>La geolocalizaci\u00f3n en tiempo real, botones de p\u00e1nico, c\u00e1maras de video y grabaci\u00f3n de voz.<\/h4>\n<p>Adem\u00e1s\u00a0que estar\u00e1n conectados a nuestro sistema de seguridad y la coordinaci\u00f3n con las autoridades.<\/p>\n<p>Al igual que los prestadores de servicio ante la comisi\u00f3n de il\u00edcitos\u201d, explic\u00f3 Mara Lezama.<\/p>\n<p>La gobernadora a\u00f1adi\u00f3 que se establecen sanciones para los conductores de plataformas cuando incumplan y violen las disposiciones de la ley.<\/p>\n<p>El cual est\u00e1, haci\u00e9ndose acreedores a la suspensi\u00f3n, cancelaci\u00f3n o revocaci\u00f3n del registro. Para fortalecer los recursos.<\/p>\n<p>Por ende,\u00a0Mara Lezama anunci\u00f3 la creaci\u00f3n de un Fondo de Movilidad.<\/p>\n<p>El cual\u00a0cuyo objetivo principal ser\u00e1 la modernizaci\u00f3n y mejora de la infraestructura vial en el estado.<\/p>\n<p>\u201cTodas estas acciones en su conjunto son parte del Nuevo Acuerdo por el Bienestar y Desarrollo de Quintana Roo y se complementan entre s\u00ed\u201d.<\/p>\n<p>\u201cEsto\u00a0para que tengamos en nuestros destinos una mejor movilidad y seguridad en nuestros traslados y as\u00ed\u201d.<\/p>\n<p>\u201cAdem\u00e1s de que\u00a0nos sigamos consolidando como la potencia tur\u00edstica de Am\u00e9rica Latina\u201d, expres\u00f3.<\/p>\n","protected":false},"excerpt":{"rendered":"<p>La mesas de trabajo concluyeron en que debe garantizar la seguridad vial, la accesibilidad y la calidad del servicio La gobernadora Mara Lezama Espinosa envi\u00f3 este mi\u00e9rcoles al Congreso de Quintana Roo la iniciativa de reforma a la Ley de Movilidad. Adem\u00e1 de\u00a0que fue construida y consensuada a trav\u00e9s de las mesas de di\u00e1logo con [&hellip;]<\/p>\n","protected":false},"author":1,"featured_media":14983,"comment_status":"open","ping_status":"closed","sticky":false,"template":"","format":"standard","meta":{"footnotes":""},"categories":[10],"tags":[],"class_list":["post-14981","post","type-post","status-publish","format-standard","has-post-thumbnail","hentry","category-quintana-roo"],"_links":{"self":[{"href":"https:\/\/podernacional.com\/index.php?rest_route=\/wp\/v2\/posts\/14981","targetHints":{"allow":["GET"]}}],"collection":[{"href":"https:\/\/podernacional.com\/index.php?rest_route=\/wp\/v2\/posts"}],"about":[{"href":"https:\/\/podernacional.com\/index.php?rest_route=\/wp\/v2\/types\/post"}],"author":[{"embeddable":true,"href":"https:\/\/podernacional.com\/index.php?rest_route=\/wp\/v2\/users\/1"}],"replies":[{"embeddable":true,"href":"https:\/\/podernacional.com\/index.php?rest_route=%2Fwp%2Fv2%2Fcomments&post=14981"}],"version-history":[{"count":1,"href":"https:\/\/podernacional.com\/index.php?rest_route=\/wp\/v2\/posts\/14981\/revisions"}],"predecessor-version":[{"id":14982,"href":"https:\/\/podernacional.com\/index.php?rest_route=\/wp\/v2\/posts\/14981\/revisions\/14982"}],"wp:featuredmedia":[{"embeddable":true,"href":"https:\/\/podernacional.com\/index.php?rest_route=\/wp\/v2\/media\/14983"}],"wp:attachment":[{"href":"https:\/\/podernacional.com\/index.php?rest_route=%2Fwp%2Fv2%2Fmedia&parent=14981"}],"wp:term":[{"taxonomy":"category","embeddable":true,"href":"https:\/\/podernacional.com\/index.php?rest_route=%2Fwp%2Fv2%2Fcategories&post=14981"},{"taxonomy":"post_tag","embeddable":true,"href":"https:\/\/podernacional.com\/index.php?rest_route=%2Fwp%2Fv2%2Ftags&post=14981"}],"curies":[{"name":"wp","href":"https:\/\/api.w.org\/{rel}","templated":true}]}}