{"id":1501,"date":"2020-09-24T09:44:00","date_gmt":"2020-09-24T09:44:00","guid":{"rendered":"http:\/\/whatsappcancun.com\/?p=1501"},"modified":"2020-09-24T09:44:00","modified_gmt":"2020-09-24T09:44:00","slug":"alerta-en-paris-evacuan-torre-eiffel-por-amenaza-de-bomba","status":"publish","type":"post","link":"https:\/\/podernacional.com\/?p=1501","title":{"rendered":"ALERTA EN PAR\u00cdS: Evacuan Torre Eiffel por amenaza de bomba"},"content":{"rendered":"\n<p>PAR\u00cdS.- La&nbsp;Torre Eiffel&nbsp;fue&nbsp;evacuada&nbsp;este mi\u00e9rcoles por una&nbsp;alerta de bomba&nbsp;en el interior del monumento, al que se desplaz\u00f3 un equipo de expertos para comprobar su veracidad.&nbsp;<\/p>\n\n\n\n<p>La sociedad que gestiona la torre (SETE) indic\u00f3 a EFE que la evacuaci\u00f3n comenz\u00f3 hacia las 12:15 (10:15 GMT), y precis\u00f3 que esa&nbsp;alerta, recibida a trav\u00e9s de una llamada telef\u00f3nica an\u00f3nima, es la primera de este a\u00f1o.&nbsp;<\/p>\n\n\n\n<p>Desde el pasado 14 de septiembre y hasta el 15 de octubre, el horario normal de apertura de la torre es de 10:30 (08:30 GMT) a 18:30 (16:30 GMT).&nbsp;<\/p>\n\n\n\n<p>El monumento fue reabierto al p\u00fablico a primera hora de la tarde, tras haber descartado la alerta. Hasta entonces,&nbsp;los agentes&nbsp;hab\u00edan estado bloqueado la zona y desviando el tr\u00e1fico&nbsp;para perimetrar la zona e&nbsp;investigar la supuesta amenaza de bomba.<\/p>\n\n\n\n<p>La&nbsp;pandemia&nbsp;de&nbsp;coronavirus&nbsp;oblig\u00f3 a un cierre por motivos de seguridad durante m\u00e1s de tres meses. Fue el m\u00e1s largo desde la&nbsp;Segunda Guerra Mundial&nbsp;y su&nbsp;reapertura&nbsp;tuvo lugar el pasado 25 de junio.&nbsp;<\/p>\n\n\n\n<p>En ese tiempo, la magn\u00edfica torre parisiense aprovech\u00f3 su simbolismo para unirse a las muestras de solidaridad hacia el personal sanitario y las v\u00edctimas del virus con la instalaci\u00f3n, por ejemplo, de un cartel luminoso que durante dos horas por la noche enviaba mensajes de apoyo a los afectados.<\/p>\n","protected":false},"excerpt":{"rendered":"<p>PAR\u00cdS.- La&nbsp;Torre Eiffel&nbsp;fue&nbsp;evacuada&nbsp;este mi\u00e9rcoles por una&nbsp;alerta de bomba&nbsp;en el interior del monumento, al que se desplaz\u00f3 un equipo de expertos para comprobar su veracidad.&nbsp; La sociedad que gestiona la torre (SETE) indic\u00f3 a EFE que la evacuaci\u00f3n comenz\u00f3 hacia las 12:15 (10:15 GMT), y precis\u00f3 que esa&nbsp;alerta, recibida a trav\u00e9s de una llamada telef\u00f3nica an\u00f3nima, [&hellip;]<\/p>\n","protected":false},"author":1,"featured_media":1502,"comment_status":"open","ping_status":"open","sticky":false,"template":"","format":"standard","meta":{"footnotes":""},"categories":[12],"tags":[],"class_list":["post-1501","post","type-post","status-publish","format-standard","has-post-thumbnail","hentry","category-sin-categoria"],"_links":{"self":[{"href":"https:\/\/podernacional.com\/index.php?rest_route=\/wp\/v2\/posts\/1501","targetHints":{"allow":["GET"]}}],"collection":[{"href":"https:\/\/podernacional.com\/index.php?rest_route=\/wp\/v2\/posts"}],"about":[{"href":"https:\/\/podernacional.com\/index.php?rest_route=\/wp\/v2\/types\/post"}],"author":[{"embeddable":true,"href":"https:\/\/podernacional.com\/index.php?rest_route=\/wp\/v2\/users\/1"}],"replies":[{"embeddable":true,"href":"https:\/\/podernacional.com\/index.php?rest_route=%2Fwp%2Fv2%2Fcomments&post=1501"}],"version-history":[{"count":0,"href":"https:\/\/podernacional.com\/index.php?rest_route=\/wp\/v2\/posts\/1501\/revisions"}],"wp:featuredmedia":[{"embeddable":true,"href":"https:\/\/podernacional.com\/index.php?rest_route=\/wp\/v2\/media\/1502"}],"wp:attachment":[{"href":"https:\/\/podernacional.com\/index.php?rest_route=%2Fwp%2Fv2%2Fmedia&parent=1501"}],"wp:term":[{"taxonomy":"category","embeddable":true,"href":"https:\/\/podernacional.com\/index.php?rest_route=%2Fwp%2Fv2%2Fcategories&post=1501"},{"taxonomy":"post_tag","embeddable":true,"href":"https:\/\/podernacional.com\/index.php?rest_route=%2Fwp%2Fv2%2Ftags&post=1501"}],"curies":[{"name":"wp","href":"https:\/\/api.w.org\/{rel}","templated":true}]}}