{"id":15013,"date":"2023-04-20T17:57:54","date_gmt":"2023-04-20T22:57:54","guid":{"rendered":"https:\/\/podernacional.com\/?p=15013"},"modified":"2023-04-20T22:57:56","modified_gmt":"2023-04-20T22:57:56","slug":"el-festival-etnomusic-celebra-su-20-aniversario-con-programacion-ampliada","status":"publish","type":"post","link":"https:\/\/podernacional.com\/?p=15013","title":{"rendered":"El festival Etnomusic celebra su 20 aniversario con programaci\u00f3n ampliada"},"content":{"rendered":"<h4>El festival Etnomusic celebra su vig\u00e9simo aniversario con una programaci\u00f3n m\u00e1s extensa que incluye 17 conciertos.<\/h4>\n<p>As\u00ed como\u00a0con propuestas musicales tradicionales e innovadoras de todo el mundo que se ofrecer\u00e1n desde este jueves hasta el 10 de junio.<\/p>\n<p>En municipios de la provincia como Meliana, Alaqu\u00e0s, Macastre y Poliny\u00e0 de X\u00faquer.<\/p>\n<p>El festival, organizado por el museo etnol\u00f3gico de la Diputaci\u00f3n de Valencia, tiene el objetivo de mostrar la m\u00fasica tradicional valenciana.<\/p>\n<p>Esto\u00a0desde una perspectiva actual y dar a conocer propuestas musicales que vinculan la tradici\u00f3n y la innovaci\u00f3n.<\/p>\n<p>Este mismo jueves se ofrece un concierto especial de presentaci\u00f3n a cargo del m\u00fasico de Catarroja Miquel Gil con su trabajo \u00ab20 anys d\u2019Org\u00e0nic\u00bb.<\/p>\n<p>El cual est\u00e1\u00a0acompa\u00f1ado de su colaborador Borja Penalba y la joven Noelia Llorens.<\/p>\n<p>Adem\u00e1s de con quien ha compartido uno de sus \u00faltimos proyectos musicales.<\/p>\n<p>Ya en mayo, el festival comenzar\u00e1 su cadencia de conciertos con el m\u00fasico de A Coru\u00f1a Xabier D\u00edaz acompa\u00f1ado por las Adufeiras de Salitre.<\/p>\n<p>As\u00ed como de\u00a0su mezcla de percusi\u00f3n y voces de or\u00edgenes gallegos, en un proyecto, \u00abAs Catedrais Silenciadas\u00bb, premiado por la cr\u00edtica y el p\u00fablico.<\/p>\n<h4>Con esta actuaci\u00f3n se inicia un recorrido musical que tiene una segunda parada en la formaci\u00f3n murciana Mujeres con ra\u00edz.<\/h4>\n<p>Adem\u00e1s de\u00a0un homenaje a la voz tradicional de las mujeres, en cuyas manos est\u00e1 gran parte del patrimonio oral del sudeste peninsular.<\/p>\n<p>El m\u00fasico valenciano Efren L\u00f3pez ha creado un proyecto espec\u00edfico para el aniversario y con su formaci\u00f3n.<\/p>\n<p>El cual est\u00e1\u00a0constituida especialmente por la ocasi\u00f3n, el artista nos llevar\u00e1 desde Val\u00e8ncia al Mediterr\u00e1neo oriental, al Oriente Medio y a Asia Central.<\/p>\n<p>En el viaje de vuelta, el festival se detendr\u00e1 en la regi\u00f3n de Ap\u00falia, desde donde Antonio Castrignan\u00f2 nos ofrecer\u00e1 un personal redescubrimiento.<\/p>\n<p>As\u00ed como de la tradici\u00f3n musical del sudeste italiano.<\/p>\n<p>Como propuesta consolidada que atiende nuevos formatos para nuevos p\u00fablicos, Etnom\u00fasic Perif\u00e8ric presenta dos proyectos singulares:<\/p>\n<p>As\u00ed como del de Maestro Espada, donde los sintetizadores anal\u00f3gicos casan con casta\u00f1etas y la\u00fades, y el de Roc\u00edo M\u00e1rquez+Bronquio.<\/p>\n<p>Adem\u00e1s de en una constante experimentaci\u00f3n de melod\u00edas, instrumentaci\u00f3n, arreglos y loops.<\/p>\n<p>En Etnomusic presentar\u00e1 su \u00faltimo trabajo \u00abTercer Cielo\u00bb, un proyecto innovador que ha sido muy bien acogido.<\/p>\n<p>Esto\u00a0por la prensa especializada (Premio Ruido al Mejor \u00c1lbum del a\u00f1o 2022 que otorga la PAM.<\/p>\n<p>As\u00ed mismo\u00a0Periodistas Asociados Musicales y Premio Coup de coeur al mejor \u00e1lbum de M\u00fasicas del Mundo).<\/p>\n","protected":false},"excerpt":{"rendered":"<p>El festival Etnomusic celebra su vig\u00e9simo aniversario con una programaci\u00f3n m\u00e1s extensa que incluye 17 conciertos. As\u00ed como\u00a0con propuestas musicales tradicionales e innovadoras de todo el mundo que se ofrecer\u00e1n desde este jueves hasta el 10 de junio. En municipios de la provincia como Meliana, Alaqu\u00e0s, Macastre y Poliny\u00e0 de X\u00faquer. El festival, organizado por [&hellip;]<\/p>\n","protected":false},"author":1,"featured_media":15015,"comment_status":"open","ping_status":"closed","sticky":false,"template":"","format":"standard","meta":{"footnotes":""},"categories":[2],"tags":[],"class_list":["post-15013","post","type-post","status-publish","format-standard","has-post-thumbnail","hentry","category-cultural"],"_links":{"self":[{"href":"https:\/\/podernacional.com\/index.php?rest_route=\/wp\/v2\/posts\/15013","targetHints":{"allow":["GET"]}}],"collection":[{"href":"https:\/\/podernacional.com\/index.php?rest_route=\/wp\/v2\/posts"}],"about":[{"href":"https:\/\/podernacional.com\/index.php?rest_route=\/wp\/v2\/types\/post"}],"author":[{"embeddable":true,"href":"https:\/\/podernacional.com\/index.php?rest_route=\/wp\/v2\/users\/1"}],"replies":[{"embeddable":true,"href":"https:\/\/podernacional.com\/index.php?rest_route=%2Fwp%2Fv2%2Fcomments&post=15013"}],"version-history":[{"count":1,"href":"https:\/\/podernacional.com\/index.php?rest_route=\/wp\/v2\/posts\/15013\/revisions"}],"predecessor-version":[{"id":15014,"href":"https:\/\/podernacional.com\/index.php?rest_route=\/wp\/v2\/posts\/15013\/revisions\/15014"}],"wp:featuredmedia":[{"embeddable":true,"href":"https:\/\/podernacional.com\/index.php?rest_route=\/wp\/v2\/media\/15015"}],"wp:attachment":[{"href":"https:\/\/podernacional.com\/index.php?rest_route=%2Fwp%2Fv2%2Fmedia&parent=15013"}],"wp:term":[{"taxonomy":"category","embeddable":true,"href":"https:\/\/podernacional.com\/index.php?rest_route=%2Fwp%2Fv2%2Fcategories&post=15013"},{"taxonomy":"post_tag","embeddable":true,"href":"https:\/\/podernacional.com\/index.php?rest_route=%2Fwp%2Fv2%2Ftags&post=15013"}],"curies":[{"name":"wp","href":"https:\/\/api.w.org\/{rel}","templated":true}]}}