{"id":15016,"date":"2023-04-20T18:10:00","date_gmt":"2023-04-20T23:10:00","guid":{"rendered":"https:\/\/podernacional.com\/?p=15016"},"modified":"2023-04-20T23:10:02","modified_gmt":"2023-04-20T23:10:02","slug":"smdif-y-sedif-anuncian-festival-alegria-de-las-ninas-y-los-ninos-en-la-capital","status":"publish","type":"post","link":"https:\/\/podernacional.com\/?p=15016","title":{"rendered":"SMDIF y SEDIF anuncian Festival Alegr\u00eda de las Ni\u00f1as y los Ni\u00f1os en la capital"},"content":{"rendered":"<h4>Derivado de la alianza entre el SMDIF y el SEDIF.<\/h4>\n<p>Los cuales\u00a0se llevar\u00e1n a cabo actividades recreativas, l\u00fadicas y familiares los pr\u00f3ximos 23 y 30 de abril.<\/p>\n<ul>\n<li>Los eventos ser\u00e1n gratuitos y se llevar\u00e1n a cabo de 10 de la ma\u00f1ana a 1:30 de la tarde.<\/li>\n<\/ul>\n<p>A trav\u00e9s de una alianza dirigida a garantizar que las ni\u00f1as y los ni\u00f1os de la ciudad que queremos disfruten en un entorno familiar.<\/p>\n<p>Adem\u00e1s de\u00a0l\u00fadico, sano y recreativo en el marco del D\u00eda de la Ni\u00f1ez, la Directora General del Sistema Municipal DIF, Gabriela Valencia Garc\u00eda.<\/p>\n<p>As\u00ed como del Director del Sistema Estatal DIF, \u00d3scar G\u00f3mez Niembro, anunciaron que llevar\u00e1 a cabo el Festival Alegr\u00eda de las Ni\u00f1as y los Ni\u00f1os.<\/p>\n<p>Adem\u00e1s de\u00a0que constar\u00e1 de dos eventos gratuitos el domingo 23 de abril en la cancha de b\u00e9isbol del Parque Quer\u00e9taro 2000.<\/p>\n<p>Adem\u00e1s del domingo 30 de abril, en la Unidad Deportiva Plutarco El\u00edas Calles de la colonia El Tintero.<\/p>\n<p>\u201cQueremos que sean d\u00edas de celebraci\u00f3n y convivencia familiar. Queremos mantener en las infancias esa ilusi\u00f3n, inocencia y capacidad de asombro que solo nuestros chiquitines tienen\u201d.<\/p>\n<h4>\u201cEl cual\u00a0queremos que lo compartan con sus mam\u00e1s y pap\u00e1s\u201d, se\u00f1al\u00f3 Gabriela Valencia Garc\u00eda.<\/h4>\n<p>Durante su participaci\u00f3n, \u00d3scar G\u00f3mez Niembro, Director del Sistema Estatal DIF, precis\u00f3 con el objetivo de abonar a una cultura de paz y convivencia familiar.<\/p>\n<p>Adem\u00e1s de\u00a0estos dos eventos con sede en la capital ofrecer\u00e1n actividades infantiles desde las 10 de la ma\u00f1ana y hasta 1:30 de la tarde.<\/p>\n<p>Especific\u00f3 que habr\u00e1 un montaje de diez sets fotogr\u00e1ficos con tem\u00e1tica de pel\u00edculas.<\/p>\n<p>Adem\u00e1s de\u00a0la presencia de diferentes personajes infantiles como los que participaron en el Festival Alegr\u00eda Quer\u00e9taro realizado en 2022.<\/p>\n<p>As\u00ed como\u00a0en el marco de las festividades decembrinas, con quienes, las y los ni\u00f1os podr\u00e1n convivir y sacarse fotograf\u00edas.<\/p>\n<p>Y al centro se instalar\u00e1 un escenario donde se llevar\u00e1n a cabo dos presentaciones estelares, rifas y actividades de convivencia.<\/p>\n<p>Ambos eventos, constat\u00f3 G\u00f3mez Niembro, contar\u00e1n con la presencia y vigilancia de la Coordinaci\u00f3n Municipal de Protecci\u00f3n Civil.<\/p>\n<p>Adem\u00e1s\u00a0de la Coordinaci\u00f3n Estatal de Protecci\u00f3n Civil para la protecci\u00f3n y salvaguarda de la integridad de las familias.<\/p>\n","protected":false},"excerpt":{"rendered":"<p>Derivado de la alianza entre el SMDIF y el SEDIF. Los cuales\u00a0se llevar\u00e1n a cabo actividades recreativas, l\u00fadicas y familiares los pr\u00f3ximos 23 y 30 de abril. Los eventos ser\u00e1n gratuitos y se llevar\u00e1n a cabo de 10 de la ma\u00f1ana a 1:30 de la tarde. A trav\u00e9s de una alianza dirigida a garantizar que [&hellip;]<\/p>\n","protected":false},"author":1,"featured_media":15018,"comment_status":"open","ping_status":"closed","sticky":false,"template":"","format":"standard","meta":{"footnotes":""},"categories":[4],"tags":[],"class_list":["post-15016","post","type-post","status-publish","format-standard","has-post-thumbnail","hentry","category-espectaculos"],"_links":{"self":[{"href":"https:\/\/podernacional.com\/index.php?rest_route=\/wp\/v2\/posts\/15016","targetHints":{"allow":["GET"]}}],"collection":[{"href":"https:\/\/podernacional.com\/index.php?rest_route=\/wp\/v2\/posts"}],"about":[{"href":"https:\/\/podernacional.com\/index.php?rest_route=\/wp\/v2\/types\/post"}],"author":[{"embeddable":true,"href":"https:\/\/podernacional.com\/index.php?rest_route=\/wp\/v2\/users\/1"}],"replies":[{"embeddable":true,"href":"https:\/\/podernacional.com\/index.php?rest_route=%2Fwp%2Fv2%2Fcomments&post=15016"}],"version-history":[{"count":1,"href":"https:\/\/podernacional.com\/index.php?rest_route=\/wp\/v2\/posts\/15016\/revisions"}],"predecessor-version":[{"id":15017,"href":"https:\/\/podernacional.com\/index.php?rest_route=\/wp\/v2\/posts\/15016\/revisions\/15017"}],"wp:featuredmedia":[{"embeddable":true,"href":"https:\/\/podernacional.com\/index.php?rest_route=\/wp\/v2\/media\/15018"}],"wp:attachment":[{"href":"https:\/\/podernacional.com\/index.php?rest_route=%2Fwp%2Fv2%2Fmedia&parent=15016"}],"wp:term":[{"taxonomy":"category","embeddable":true,"href":"https:\/\/podernacional.com\/index.php?rest_route=%2Fwp%2Fv2%2Fcategories&post=15016"},{"taxonomy":"post_tag","embeddable":true,"href":"https:\/\/podernacional.com\/index.php?rest_route=%2Fwp%2Fv2%2Ftags&post=15016"}],"curies":[{"name":"wp","href":"https:\/\/api.w.org\/{rel}","templated":true}]}}