{"id":15019,"date":"2023-04-20T19:38:53","date_gmt":"2023-04-21T00:38:53","guid":{"rendered":"https:\/\/podernacional.com\/?p=15019"},"modified":"2023-04-21T00:38:55","modified_gmt":"2023-04-21T00:38:55","slug":"ley-de-movilidad-promete-fin-al-monopolio-en-el-transporte-en-q-roo","status":"publish","type":"post","link":"https:\/\/podernacional.com\/?p=15019","title":{"rendered":"Ley de Movilidad promete fin al monopolio en el transporte en Q. Roo"},"content":{"rendered":"<h4>La iniciativa entregada al Congreso plantea una mayor seguridad para los usuarios.<\/h4>\n<p>A casi cuatro a\u00f1os de una Ley de Movilidad que nunca fue aplicada, el Gobierno de Quintana Roo entreg\u00f3 al Congreso.<\/p>\n<p>El cual es\u00a0una nueva versi\u00f3n que promete poner fin al monopolio del transporte y privilegiar\u00a0usuario por encima de los intereses de grupos transportes.<\/p>\n<p>La iniciativa plantea una mayor seguridad para los usuarios, a trav\u00e9s de medidas como la geolocalizaci\u00f3n en tiempo real.<\/p>\n<p>Adem\u00e1s de botones de p\u00e1nico, c\u00e1maras de video y grabaci\u00f3n de voz, conectados al sistema de seguridad p\u00fablica.<\/p>\n<p>\u201cEsta ley, promueve la libre y sana competencia econ\u00f3mica y la igualdad de condiciones entre los prestadores del servicio de transporte.<\/p>\n<p>Adem\u00e1s, busca darle seguridad a las y los usuarios, a trav\u00e9s de medidas, en coordinaci\u00f3n con Seguridad P\u00fablica\u201d.<\/p>\n<p>Esto lo\u00a0dijo al respecto la gobernadora Mara Lezama.<\/p>\n<h4>El documento fue entregado al Congreso local por Cristina Torres G\u00f3mez, secretaria de Gobierno.<\/h4>\n<p>El cual fue de\u00a0quien afirm\u00f3 que la propuesta cuenta con el respaldo de sindicatos de transporte tanto p\u00fablicos como privados.<\/p>\n<p>As\u00ed como unque por encima se prioriz\u00f3 bienestar de los usuarios por encima de los intereses de grupos como taxistas o empresas de plataformas digitales.<\/p>\n<p>Resalt\u00f3 que la iniciativa instaura la figura de la prestaci\u00f3n del servicio de transporte de pasajeros privado a trav\u00e9s de plataformas digitales.<\/p>\n<p>Adem\u00e1s que\u00a0sin la necesidad de una concesi\u00f3n, pero con la obligatoriedad de darse de alta ante el Instituto de Movilidad de Quintana Roo.<\/p>\n<p>Aunque ya existe un amparo federal que le permite a los conductores de plataformas trabajar en el Caribe Mexicano.<\/p>\n<p>As\u00ed como de\u00a0la secretaria de Gobierno apunt\u00f3 que era necesario \u201cdotar de elementos regulatorios espec\u00edficos para su operaci\u00f3n.<\/p>\n<p>Adem\u00e1s de que\u00a0a fin de que tener un sustento jur\u00eddico para considerarlos en los nuevos trabajos de Movilidad\u201d.<\/p>\n<p>La funcionaria estatal aclar\u00f3, sin embargo, que los taxistas tambi\u00e9n podr\u00e1n trabajar a trav\u00e9s de estas aplicaciones.<\/p>\n<h4>Adem\u00e1s de estar\u00a0\u201cpriorizando siempre la ley de la oferta y la demanda\u201d.<\/h4>\n<p>Adem\u00e1s de estar, considerando que ahora los usuarios prefieren medios tecnol\u00f3gicos para conectarse con los prestadores de servicio\u201d.<\/p>\n<p>Aunque no dio mayores detalles, puntualiz\u00f3 que se establecen sanciones m\u00e1s severas para los conductores de taxi.<\/p>\n<p>Tambi\u00e9n de plataformas que incumplan o violen las disposiciones de la ley, como la suspensi\u00f3n, cancelaci\u00f3n y revocaci\u00f3n de la concesi\u00f3n.<\/p>\n<p>As\u00ed como\u00a0en caso de taxis, as\u00ed como del registro, cuando se trate de choferes de plataformas digitales.<\/p>\n<p>El cual est\u00e1\u00a0dejando en claro que se abre la puerta para la llegada de nuevos interesados.<\/p>\n<p>Cristina Torres mencion\u00f3 que la proyecci\u00f3n es que en un lapso de dos a\u00f1os se pueda implementar la totalidad de estos cambios.<\/p>\n<p>Esto\u00a0a partir de la publicaci\u00f3n de esta Ley en el Peri\u00f3dico Oficial del Estado.<\/p>\n<p>&nbsp;<\/p>\n","protected":false},"excerpt":{"rendered":"<p>La iniciativa entregada al Congreso plantea una mayor seguridad para los usuarios. A casi cuatro a\u00f1os de una Ley de Movilidad que nunca fue aplicada, el Gobierno de Quintana Roo entreg\u00f3 al Congreso. El cual es\u00a0una nueva versi\u00f3n que promete poner fin al monopolio del transporte y privilegiar\u00a0usuario por encima de los intereses de grupos [&hellip;]<\/p>\n","protected":false},"author":1,"featured_media":15021,"comment_status":"open","ping_status":"closed","sticky":false,"template":"","format":"standard","meta":{"footnotes":""},"categories":[10],"tags":[],"class_list":["post-15019","post","type-post","status-publish","format-standard","has-post-thumbnail","hentry","category-quintana-roo"],"_links":{"self":[{"href":"https:\/\/podernacional.com\/index.php?rest_route=\/wp\/v2\/posts\/15019","targetHints":{"allow":["GET"]}}],"collection":[{"href":"https:\/\/podernacional.com\/index.php?rest_route=\/wp\/v2\/posts"}],"about":[{"href":"https:\/\/podernacional.com\/index.php?rest_route=\/wp\/v2\/types\/post"}],"author":[{"embeddable":true,"href":"https:\/\/podernacional.com\/index.php?rest_route=\/wp\/v2\/users\/1"}],"replies":[{"embeddable":true,"href":"https:\/\/podernacional.com\/index.php?rest_route=%2Fwp%2Fv2%2Fcomments&post=15019"}],"version-history":[{"count":1,"href":"https:\/\/podernacional.com\/index.php?rest_route=\/wp\/v2\/posts\/15019\/revisions"}],"predecessor-version":[{"id":15020,"href":"https:\/\/podernacional.com\/index.php?rest_route=\/wp\/v2\/posts\/15019\/revisions\/15020"}],"wp:featuredmedia":[{"embeddable":true,"href":"https:\/\/podernacional.com\/index.php?rest_route=\/wp\/v2\/media\/15021"}],"wp:attachment":[{"href":"https:\/\/podernacional.com\/index.php?rest_route=%2Fwp%2Fv2%2Fmedia&parent=15019"}],"wp:term":[{"taxonomy":"category","embeddable":true,"href":"https:\/\/podernacional.com\/index.php?rest_route=%2Fwp%2Fv2%2Fcategories&post=15019"},{"taxonomy":"post_tag","embeddable":true,"href":"https:\/\/podernacional.com\/index.php?rest_route=%2Fwp%2Fv2%2Ftags&post=15019"}],"curies":[{"name":"wp","href":"https:\/\/api.w.org\/{rel}","templated":true}]}}